{"id":308193,"date":"2023-09-09T15:32:19","date_gmt":"2023-09-09T12:32:19","guid":{"rendered":"http:\/\/sana.sy\/es\/?p=308193"},"modified":"2023-09-09T15:32:19","modified_gmt":"2023-09-09T12:32:19","slug":"siria-destaca-su-lucha-contra-el-extremismo-en-conferencia-internacional-sobre-asuntos-religiosos","status":"publish","type":"post","link":"https:\/\/archive.sana.sy\/es\/?p=308193","title":{"rendered":"Siria destaca su lucha contra el extremismo en conferencia internacional sobre asuntos religiosos"},"content":{"rendered":"<blockquote>\n<p style=\"text-align: justify;\"><span style=\"color: #993300;\">El ministro sirio de Asuntos Religiosos, Mohamed Abdul-Sattar Al-Sayed, abog\u00f3 por promover los valores isl\u00e1micos fundamentales, como la justicia, benevolencia, ciudadan\u00eda, el amor y la misericordia, en lugar de sumergirse en disputas y detalles que fomenten la divisi\u00f3n.<\/span><\/p>\n<\/blockquote>\n<p style=\"text-align: justify;\"><span style=\"color: #800000;\"><strong>El Cairo, 9 sep (SANA)<\/strong><\/span> \u00a0\u00a0El ministro sirio de Asuntos Religiosos, Mohamed Abdul-Sattar Al-Sayed, resalt\u00f3 la valiosa experiencia de Siria en la lucha contra todas formas de extremismo y fanatismo.<\/p>\n<p style=\"text-align: justify;\">La afirmaci\u00f3n del Titular sirio fue expresada en su intervenci\u00f3n ante la 34\u00aa Conferencia Internacional de Asuntos Isl\u00e1micos organizada por el Consejo Supremo de Asuntos Isl\u00e1micos en El Cairo, bajo el lema &#8220;El Espacio Digital y los Medios Modernos en la Oratoria Religiosa&#8221;.<\/p>\n<p style=\"text-align: justify;\"><img loading=\"lazy\" decoding=\"async\" class=\"size-medium wp-image-308195 alignleft\" src=\"http:\/\/sana.sy\/es\/wp-content\/uploads\/2023\/09\/Siria-destaca-lucha-contra-extremismo-1.jpeg-300x200.jpg\" alt=\"El ministro sirio de Asuntos Religiosos, Mohamed Abdul-Sattar Al-Sayed\" width=\"300\" height=\"200\" srcset=\"https:\/\/archive.sana.sy\/es\/wp-content\/uploads\/2023\/09\/Siria-destaca-lucha-contra-extremismo-1.jpeg-300x200.jpg 300w, https:\/\/archive.sana.sy\/es\/wp-content\/uploads\/2023\/09\/Siria-destaca-lucha-contra-extremismo-1.jpeg-150x100.jpg 150w, https:\/\/archive.sana.sy\/es\/wp-content\/uploads\/2023\/09\/Siria-destaca-lucha-contra-extremismo-1.jpeg.jpg 660w\" sizes=\"(max-width: 300px) 100vw, 300px\" \/>El Ministro explic\u00f3 como Siria enfrent\u00f3 desaf\u00edos significativos relacionados con el terrorismo, los asesinatos, la radicalizaci\u00f3n y el extremismo, que afectaron la juventud a trav\u00e9s del espacio virtual.<\/p>\n<p style=\"text-align: justify;\">Asimismo, hizo hincapi\u00e9 en la importancia de utilizar las tecnolog\u00edas modernas como herramientas de creatividad y desarrollo humano.<\/p>\n<p style=\"text-align: justify;\">Al-Sayed subray\u00f3 que las instituciones religiosas deben adaptarse al entorno virtual actual y evitar que los grupos extremistas dominen las plataformas de comunicaci\u00f3n social.<\/p>\n<p style=\"text-align: justify;\">En este sentido, abog\u00f3 por promover los valores isl\u00e1micos fundamentales, como la justicia, benevolencia, ciudadan\u00eda, el amor y la misericordia, en lugar de sumergirse en disputas y detalles que fomenten la divisi\u00f3n.<\/p>\n<p style=\"text-align: justify;\">Advirti\u00f3 sobre los desaf\u00edos del extremismo y los riesgos del deterioro \u00e9tico, y enfatiz\u00f3 la importancia de resolver estos problemas de manera integral y equilibrada.<\/p>\n<p style=\"text-align: justify;\">ah\/fm<\/p>\n","protected":false},"excerpt":{"rendered":"<p>El ministro sirio de Asuntos Religiosos, Mohamed Abdul-Sattar Al-Sayed, abog\u00f3 por promover los valores isl\u00e1micos fundamentales, como la justicia, benevolencia, ciudadan\u00eda, el amor y la misericordia, en lugar de sumergirse en disputas y detalles que fomenten la divisi\u00f3n. El Cairo, 9 sep (SANA) \u00a0\u00a0El ministro sirio de Asuntos Religiosos, Mohamed Abdul-Sattar Al-Sayed, resalt\u00f3 la valiosa &hellip;<\/p>\n","protected":false},"author":34,"featured_media":308194,"comment_status":"closed","ping_status":"closed","sticky":false,"template":"","format":"standard","meta":{"footnotes":""},"categories":[477,597,20724,467,583],"tags":[],"class_list":["post-308193","post","type-post","status-publish","format-standard","has-post-thumbnail","","category-noticias-edulcorantes","category-cinta-de-noticias","category-minuto-a-minuto","category-siria-y-el-mundo","category-slide"],"_links":{"self":[{"href":"https:\/\/archive.sana.sy\/es\/index.php?rest_route=\/wp\/v2\/posts\/308193"}],"collection":[{"href":"https:\/\/archive.sana.sy\/es\/index.php?rest_route=\/wp\/v2\/posts"}],"about":[{"href":"https:\/\/archive.sana.sy\/es\/index.php?rest_route=\/wp\/v2\/types\/post"}],"author":[{"embeddable":true,"href":"https:\/\/archive.sana.sy\/es\/index.php?rest_route=\/wp\/v2\/users\/34"}],"replies":[{"embeddable":true,"href":"https:\/\/archive.sana.sy\/es\/index.php?rest_route=%2Fwp%2Fv2%2Fcomments&post=308193"}],"version-history":[{"count":1,"href":"https:\/\/archive.sana.sy\/es\/index.php?rest_route=\/wp\/v2\/posts\/308193\/revisions"}],"predecessor-version":[{"id":308196,"href":"https:\/\/archive.sana.sy\/es\/index.php?rest_route=\/wp\/v2\/posts\/308193\/revisions\/308196"}],"wp:featuredmedia":[{"embeddable":true,"href":"https:\/\/archive.sana.sy\/es\/index.php?rest_route=\/wp\/v2\/media\/308194"}],"wp:attachment":[{"href":"https:\/\/archive.sana.sy\/es\/index.php?rest_route=%2Fwp%2Fv2%2Fmedia&parent=308193"}],"wp:term":[{"taxonomy":"category","embeddable":true,"href":"https:\/\/archive.sana.sy\/es\/index.php?rest_route=%2Fwp%2Fv2%2Fcategories&post=308193"},{"taxonomy":"post_tag","embeddable":true,"href":"https:\/\/archive.sana.sy\/es\/index.php?rest_route=%2Fwp%2Fv2%2Ftags&post=308193"}],"curies":[{"name":"wp","href":"https:\/\/api.w.org\/{rel}","templated":true}]}}