{"id":308204,"date":"2023-09-09T16:06:28","date_gmt":"2023-09-09T13:06:28","guid":{"rendered":"http:\/\/sana.sy\/es\/?p=308204"},"modified":"2023-09-09T16:06:44","modified_gmt":"2023-09-09T13:06:44","slug":"tres-prisioneros-palestinos-en-huelga-de-hambre-en-rechazo-a-los-crimenes-israelies","status":"publish","type":"post","link":"https:\/\/archive.sana.sy\/es\/?p=308204","title":{"rendered":"Tres prisioneros palestinos en huelga de hambre en rechazo a los cr\u00edmenes israel\u00edes"},"content":{"rendered":"<blockquote>\n<p style=\"text-align: justify;\"><span style=\"color: #993300;\">El Club del Prisionero Palestino reiter\u00f3 su llamamiento a las instituciones humanitarias y de derechos humanos internacionales para que ejerzan presi\u00f3n sobre las autoridades del ocupaci\u00f3n para liberar a los prisioneros en sus c\u00e1rceles, ya que sufren de diversas formas de tortura psicol\u00f3gica y f\u00edsica, adem\u00e1s de la mala atenci\u00f3n m\u00e9dica.<\/span><\/p>\n<\/blockquote>\n<p style=\"text-align: justify;\"><span style=\"color: #800000;\"><strong>Jerusal\u00e9n ocupada, 9 sep ( SANA)<\/strong><\/span> Tres prisioneros palestinos contin\u00faan su huelga de hambre como expresi\u00f3n de rechazo a las continuas violaciones del ocupante israel\u00ed a los derechos de los prisioneros encarcelados en las prisiones sionistas.<\/p>\n<p style=\"text-align: justify;\">Citado por la agencia Wafa, el Club del Prisionero Palestino aclar\u00f3 que Sultan Khalouf y Kaid Al-Phsfos llevan en huelga de hambre desde hace 38 d\u00edas, mientras el preso Maher Alakhras lleva 18 d\u00edas.<\/p>\n<p style=\"text-align: justify;\">El Club advirti\u00f3 del deterioro de la salud de los presos, que sufren de agotamiento severo, v\u00f3mitos con sangre, problemas de vista y fuertes dolores de cabeza, mareos y dificultad para mantenerse en pie, incluso el prisionero Khalouf se traslada en silla de ruedas.<\/p>\n<p style=\"text-align: justify;\">Reiter\u00f3 su llamamiento a las instituciones humanitarias y de derechos humanos internacionales para que ejerzan presi\u00f3n sobre las autoridades del ocupaci\u00f3n para liberar a los prisioneros en sus c\u00e1rceles, ya que sufren de diversas formas de tortura psicol\u00f3gica y f\u00edsica, adem\u00e1s de la mala atenci\u00f3n m\u00e9dica.<\/p>\n<p style=\"text-align: justify;\">lo\/fm<\/p>\n","protected":false},"excerpt":{"rendered":"<p>El Club del Prisionero Palestino reiter\u00f3 su llamamiento a las instituciones humanitarias y de derechos humanos internacionales para que ejerzan presi\u00f3n sobre las autoridades del ocupaci\u00f3n para liberar a los prisioneros en sus c\u00e1rceles, ya que sufren de diversas formas de tortura psicol\u00f3gica y f\u00edsica, adem\u00e1s de la mala atenci\u00f3n m\u00e9dica. Jerusal\u00e9n ocupada, 9 sep &hellip;<\/p>\n","protected":false},"author":34,"featured_media":308205,"comment_status":"closed","ping_status":"closed","sticky":false,"template":"","format":"standard","meta":{"footnotes":""},"categories":[597,456,20724,7541],"tags":[],"class_list":["post-308204","post","type-post","status-publish","format-standard","has-post-thumbnail","","category-cinta-de-noticias","category-arabe-internacional-politica","category-minuto-a-minuto","category-ultimas-noticias"],"_links":{"self":[{"href":"https:\/\/archive.sana.sy\/es\/index.php?rest_route=\/wp\/v2\/posts\/308204"}],"collection":[{"href":"https:\/\/archive.sana.sy\/es\/index.php?rest_route=\/wp\/v2\/posts"}],"about":[{"href":"https:\/\/archive.sana.sy\/es\/index.php?rest_route=\/wp\/v2\/types\/post"}],"author":[{"embeddable":true,"href":"https:\/\/archive.sana.sy\/es\/index.php?rest_route=\/wp\/v2\/users\/34"}],"replies":[{"embeddable":true,"href":"https:\/\/archive.sana.sy\/es\/index.php?rest_route=%2Fwp%2Fv2%2Fcomments&post=308204"}],"version-history":[{"count":2,"href":"https:\/\/archive.sana.sy\/es\/index.php?rest_route=\/wp\/v2\/posts\/308204\/revisions"}],"predecessor-version":[{"id":308207,"href":"https:\/\/archive.sana.sy\/es\/index.php?rest_route=\/wp\/v2\/posts\/308204\/revisions\/308207"}],"wp:featuredmedia":[{"embeddable":true,"href":"https:\/\/archive.sana.sy\/es\/index.php?rest_route=\/wp\/v2\/media\/308205"}],"wp:attachment":[{"href":"https:\/\/archive.sana.sy\/es\/index.php?rest_route=%2Fwp%2Fv2%2Fmedia&parent=308204"}],"wp:term":[{"taxonomy":"category","embeddable":true,"href":"https:\/\/archive.sana.sy\/es\/index.php?rest_route=%2Fwp%2Fv2%2Fcategories&post=308204"},{"taxonomy":"post_tag","embeddable":true,"href":"https:\/\/archive.sana.sy\/es\/index.php?rest_route=%2Fwp%2Fv2%2Ftags&post=308204"}],"curies":[{"name":"wp","href":"https:\/\/api.w.org\/{rel}","templated":true}]}}