{"id":308208,"date":"2023-09-09T15:00:26","date_gmt":"2023-09-09T12:00:26","guid":{"rendered":"http:\/\/sana.sy\/es\/?p=308208"},"modified":"2023-09-09T17:41:56","modified_gmt":"2023-09-09T14:41:56","slug":"canciller-sirio-ofrece-condolencias-a-marruecos-por-victimas-del-terremoto","status":"publish","type":"post","link":"https:\/\/archive.sana.sy\/es\/?p=308208","title":{"rendered":"Canciller sirio ofrece condolencias a Marruecos por v\u00edctimas del terremoto"},"content":{"rendered":"<blockquote>\n<p style=\"text-align: justify;\"><span style=\"color: #993300;\">Al-Mekdad expres\u00f3 a su hom\u00f3logo marroqu\u00ed la solidaridad del pueblo sirio con su hermano el marroqu\u00ed en esta terrible experiencia, y manifest\u00f3 su confianza en la capacidad del hermano pueblo marroqu\u00ed de superar las secuelas de esta cat\u00e1strofe y reconstruir lo que el terremoto destruy\u00f3.<\/span><\/p>\n<\/blockquote>\n<p style=\"text-align: justify;\">\n<span style=\"color: #800000;\"><strong>Damasco, 9 sep (SANA)\u00a0<\/strong><\/span> \u00a0El ministro de Asuntos Exteriores y Emigrantes, Faisal Al-Mekdad, envi\u00f3 hoy un mensaje de condolencia al Ministro de Asuntos Exteriores, Cooperaci\u00f3n Africana y Marroqu\u00edes Residentes en el Extranjero en el Reino de Marruecos, Nasser Bourita, por las v\u00edctimas del potente terremoto que asol\u00f3 varias provincias marroqu\u00edes este s\u00e1bado 9 de septiembre, y dej\u00f3 cientos de muertos y heridos, y ocasion\u00f3 la destrucci\u00f3n de numerosos edificios.<\/p>\n<p style=\"text-align: justify;\">El Canciller expres\u00f3 a su hom\u00f3logo Bourita la solidaridad del pueblo sirio con su hermano el marroqu\u00ed en esta terrible experiencia.<\/p>\n<p style=\"text-align: justify;\">\u201cPaz y misericordia para los muertos, y paciencia y consuelo para sus familias, y a los heridos una pronta recuperaci\u00f3n\u201d, dijo el Ministro en su mensaje.<\/p>\n<p style=\"text-align: justify;\">Expres\u00f3 su confianza en la capacidad del hermano pueblo marroqu\u00ed de superar las secuelas de esta cat\u00e1strofe y reconstruir lo que el terremoto destruy\u00f3.<\/p>\n<p style=\"text-align: justify;\">Mil 37 personas murieron a consecuencia del terremoto de magnitud 7 en la escala de Richter que sacudi\u00f3 varias provincias de Marruecos, con epicentro en la provincia de Al-Haouz.<\/p>\n<div id='gallery-1' class='gallery galleryid-308208 gallery-columns-1 gallery-size-full'><figure class='gallery-item'>\n\t\t\t<div class='gallery-icon landscape'>\n\t\t\t\t<a href='https:\/\/archive.sana.sy\/es\/wp-content\/uploads\/2023\/09\/photo_2023-09-09_17-03-15.jpg'><img loading=\"lazy\" decoding=\"async\" width=\"948\" height=\"465\" src=\"https:\/\/archive.sana.sy\/es\/wp-content\/uploads\/2023\/09\/photo_2023-09-09_17-03-15.jpg\" class=\"attachment-full size-full\" alt=\"\" srcset=\"https:\/\/archive.sana.sy\/es\/wp-content\/uploads\/2023\/09\/photo_2023-09-09_17-03-15.jpg 948w, https:\/\/archive.sana.sy\/es\/wp-content\/uploads\/2023\/09\/photo_2023-09-09_17-03-15-300x147.jpg 300w, https:\/\/archive.sana.sy\/es\/wp-content\/uploads\/2023\/09\/photo_2023-09-09_17-03-15-150x74.jpg 150w, https:\/\/archive.sana.sy\/es\/wp-content\/uploads\/2023\/09\/photo_2023-09-09_17-03-15-768x377.jpg 768w\" sizes=\"(max-width: 948px) 100vw, 948px\" \/><\/a>\n\t\t\t<\/div><\/figure>\n\t\t<\/div>\n\n<p style=\"text-align: justify;\">fm\/rr<\/p>\n","protected":false},"excerpt":{"rendered":"<p>Al-Mekdad expres\u00f3 a su hom\u00f3logo marroqu\u00ed la solidaridad del pueblo sirio con su hermano el marroqu\u00ed en esta terrible experiencia, y manifest\u00f3 su confianza en la capacidad del hermano pueblo marroqu\u00ed de superar las secuelas de esta cat\u00e1strofe y reconstruir lo que el terremoto destruy\u00f3. Damasco, 9 sep (SANA)\u00a0 \u00a0El ministro de Asuntos Exteriores y &hellip;<\/p>\n","protected":false},"author":31,"featured_media":308209,"comment_status":"closed","ping_status":"closed","sticky":false,"template":"","format":"standard","meta":{"footnotes":""},"categories":[597,476,467,583],"tags":[22363,6553,17700],"class_list":["post-308208","post","type-post","status-publish","format-standard","has-post-thumbnail","","category-cinta-de-noticias","category-locales","category-siria-y-el-mundo","category-slide","tag-marruecos","tag-siria","tag-terremoto"],"_links":{"self":[{"href":"https:\/\/archive.sana.sy\/es\/index.php?rest_route=\/wp\/v2\/posts\/308208"}],"collection":[{"href":"https:\/\/archive.sana.sy\/es\/index.php?rest_route=\/wp\/v2\/posts"}],"about":[{"href":"https:\/\/archive.sana.sy\/es\/index.php?rest_route=\/wp\/v2\/types\/post"}],"author":[{"embeddable":true,"href":"https:\/\/archive.sana.sy\/es\/index.php?rest_route=\/wp\/v2\/users\/31"}],"replies":[{"embeddable":true,"href":"https:\/\/archive.sana.sy\/es\/index.php?rest_route=%2Fwp%2Fv2%2Fcomments&post=308208"}],"version-history":[{"count":1,"href":"https:\/\/archive.sana.sy\/es\/index.php?rest_route=\/wp\/v2\/posts\/308208\/revisions"}],"predecessor-version":[{"id":308212,"href":"https:\/\/archive.sana.sy\/es\/index.php?rest_route=\/wp\/v2\/posts\/308208\/revisions\/308212"}],"wp:featuredmedia":[{"embeddable":true,"href":"https:\/\/archive.sana.sy\/es\/index.php?rest_route=\/wp\/v2\/media\/308209"}],"wp:attachment":[{"href":"https:\/\/archive.sana.sy\/es\/index.php?rest_route=%2Fwp%2Fv2%2Fmedia&parent=308208"}],"wp:term":[{"taxonomy":"category","embeddable":true,"href":"https:\/\/archive.sana.sy\/es\/index.php?rest_route=%2Fwp%2Fv2%2Fcategories&post=308208"},{"taxonomy":"post_tag","embeddable":true,"href":"https:\/\/archive.sana.sy\/es\/index.php?rest_route=%2Fwp%2Fv2%2Ftags&post=308208"}],"curies":[{"name":"wp","href":"https:\/\/api.w.org\/{rel}","templated":true}]}}