{"id":308331,"date":"2023-09-11T12:23:46","date_gmt":"2023-09-11T09:23:46","guid":{"rendered":"http:\/\/sana.sy\/es\/?p=308331"},"modified":"2023-09-11T12:23:59","modified_gmt":"2023-09-11T09:23:59","slug":"ministra-de-exteriores-de-alemania-llega-a-kiev-en-una-visita-sorpresa","status":"publish","type":"post","link":"https:\/\/archive.sana.sy\/es\/?p=308331","title":{"rendered":"Ministra de Exteriores de Alemania llega a Kiev en una visita sorpresa"},"content":{"rendered":"<p style=\"text-align: justify;\"><span style=\"color: #800000;\"><strong>Mosc\u00fa, 11 sep (SANA)\u00a0<\/strong><\/span> La ministra de Exteriores alemana, Annalena Baerbock, lleg\u00f3 este s\u00e1bado a Kiev en una visita no anunciada.<\/p>\n<p>Se trata del cuarto viaje de la jefa de la diplomacia alemana a Ucrania desde el inicio de la operaci\u00f3n militar rusa en febrero de 2022.<\/p>\n<p>Berl\u00edn mostr\u00f3 su apoyo a Ucrania durante su guerra con Rusia ya que envi\u00f3 armas a Kiev por valor de 2.950 millones de d\u00f3lares.<\/p>\n<p style=\"text-align: justify;\"><strong>ws\/fm<\/strong><\/p>\n","protected":false},"excerpt":{"rendered":"<p>Mosc\u00fa, 11 sep (SANA)\u00a0 La ministra de Exteriores alemana, Annalena Baerbock, lleg\u00f3 este s\u00e1bado a Kiev en una visita no anunciada. Se trata del cuarto viaje de la jefa de la diplomacia alemana a Ucrania desde el inicio de la operaci\u00f3n militar rusa en febrero de 2022. Berl\u00edn mostr\u00f3 su apoyo a Ucrania durante su &hellip;<\/p>\n","protected":false},"author":35,"featured_media":308332,"comment_status":"closed","ping_status":"closed","sticky":false,"template":"","format":"standard","meta":{"footnotes":""},"categories":[597,456,16687,20724],"tags":[],"class_list":["post-308331","post","type-post","status-publish","format-standard","has-post-thumbnail","","category-cinta-de-noticias","category-arabe-internacional-politica","category-internacionales","category-minuto-a-minuto"],"_links":{"self":[{"href":"https:\/\/archive.sana.sy\/es\/index.php?rest_route=\/wp\/v2\/posts\/308331"}],"collection":[{"href":"https:\/\/archive.sana.sy\/es\/index.php?rest_route=\/wp\/v2\/posts"}],"about":[{"href":"https:\/\/archive.sana.sy\/es\/index.php?rest_route=\/wp\/v2\/types\/post"}],"author":[{"embeddable":true,"href":"https:\/\/archive.sana.sy\/es\/index.php?rest_route=\/wp\/v2\/users\/35"}],"replies":[{"embeddable":true,"href":"https:\/\/archive.sana.sy\/es\/index.php?rest_route=%2Fwp%2Fv2%2Fcomments&post=308331"}],"version-history":[{"count":2,"href":"https:\/\/archive.sana.sy\/es\/index.php?rest_route=\/wp\/v2\/posts\/308331\/revisions"}],"predecessor-version":[{"id":308334,"href":"https:\/\/archive.sana.sy\/es\/index.php?rest_route=\/wp\/v2\/posts\/308331\/revisions\/308334"}],"wp:featuredmedia":[{"embeddable":true,"href":"https:\/\/archive.sana.sy\/es\/index.php?rest_route=\/wp\/v2\/media\/308332"}],"wp:attachment":[{"href":"https:\/\/archive.sana.sy\/es\/index.php?rest_route=%2Fwp%2Fv2%2Fmedia&parent=308331"}],"wp:term":[{"taxonomy":"category","embeddable":true,"href":"https:\/\/archive.sana.sy\/es\/index.php?rest_route=%2Fwp%2Fv2%2Fcategories&post=308331"},{"taxonomy":"post_tag","embeddable":true,"href":"https:\/\/archive.sana.sy\/es\/index.php?rest_route=%2Fwp%2Fv2%2Ftags&post=308331"}],"curies":[{"name":"wp","href":"https:\/\/api.w.org\/{rel}","templated":true}]}}