{"id":308335,"date":"2023-09-11T13:05:47","date_gmt":"2023-09-11T10:05:47","guid":{"rendered":"http:\/\/sana.sy\/es\/?p=308335"},"modified":"2023-09-11T13:05:47","modified_gmt":"2023-09-11T10:05:47","slug":"artilleria-rusa-destruye-unidades-ucranianas-y-derriba-dos-drones-en-donetsk","status":"publish","type":"post","link":"https:\/\/archive.sana.sy\/es\/?p=308335","title":{"rendered":"Artiller\u00eda rusa destruye unidades ucranianas y derriba dos drones en Donetsk"},"content":{"rendered":"<p style=\"text-align: justify;\">Mosc\u00fa, 11 sep (SANA)\u00a0 Las Fuerzas Rusas atacaron a unidades ucranianas en sus posiciones en la regi\u00f3n de Novodontsky\u201d, dijo el jefe del centro de prensa del grupo Este en las fuerzas rusas, Oleg Chekhov.<\/p>\n<p style=\"text-align: justify;\">Seg\u00fan detall\u00f3 el oficial, &#8220;en el sur de Donetsk, las unidades del grupo de tropas \u201cVostok\u201d, con el apoyo de la artiller\u00eda del ej\u00e9rcito, atacaron a unidades de las Fuerzas Armadas de Ucrania en la regi\u00f3n de Novodonetsk y les destruyeron mano de obra y veh\u00edculos&#8221;.<\/p>\n<p style=\"text-align: justify;\">Agreg\u00f3 que el fuego de artiller\u00eda destruy\u00f3 una estaci\u00f3n de guerra electr\u00f3nica en la regi\u00f3n de Rovnopol y puntos de despliegue temporal del ej\u00e9rcito ucraniano en Neskushny, Ogledar y Novomikhaylovka.<\/p>\n<p style=\"text-align: justify;\">ed\/fm<\/p>\n","protected":false},"excerpt":{"rendered":"<p>Mosc\u00fa, 11 sep (SANA)\u00a0 Las Fuerzas Rusas atacaron a unidades ucranianas en sus posiciones en la regi\u00f3n de Novodontsky\u201d, dijo el jefe del centro de prensa del grupo Este en las fuerzas rusas, Oleg Chekhov. Seg\u00fan detall\u00f3 el oficial, &#8220;en el sur de Donetsk, las unidades del grupo de tropas \u201cVostok\u201d, con el apoyo de &hellip;<\/p>\n","protected":false},"author":32,"featured_media":308336,"comment_status":"closed","ping_status":"closed","sticky":false,"template":"","format":"standard","meta":{"footnotes":""},"categories":[597,456,16687,20724,7541],"tags":[],"class_list":["post-308335","post","type-post","status-publish","format-standard","has-post-thumbnail","","category-cinta-de-noticias","category-arabe-internacional-politica","category-internacionales","category-minuto-a-minuto","category-ultimas-noticias"],"_links":{"self":[{"href":"https:\/\/archive.sana.sy\/es\/index.php?rest_route=\/wp\/v2\/posts\/308335"}],"collection":[{"href":"https:\/\/archive.sana.sy\/es\/index.php?rest_route=\/wp\/v2\/posts"}],"about":[{"href":"https:\/\/archive.sana.sy\/es\/index.php?rest_route=\/wp\/v2\/types\/post"}],"author":[{"embeddable":true,"href":"https:\/\/archive.sana.sy\/es\/index.php?rest_route=\/wp\/v2\/users\/32"}],"replies":[{"embeddable":true,"href":"https:\/\/archive.sana.sy\/es\/index.php?rest_route=%2Fwp%2Fv2%2Fcomments&post=308335"}],"version-history":[{"count":1,"href":"https:\/\/archive.sana.sy\/es\/index.php?rest_route=\/wp\/v2\/posts\/308335\/revisions"}],"predecessor-version":[{"id":308337,"href":"https:\/\/archive.sana.sy\/es\/index.php?rest_route=\/wp\/v2\/posts\/308335\/revisions\/308337"}],"wp:featuredmedia":[{"embeddable":true,"href":"https:\/\/archive.sana.sy\/es\/index.php?rest_route=\/wp\/v2\/media\/308336"}],"wp:attachment":[{"href":"https:\/\/archive.sana.sy\/es\/index.php?rest_route=%2Fwp%2Fv2%2Fmedia&parent=308335"}],"wp:term":[{"taxonomy":"category","embeddable":true,"href":"https:\/\/archive.sana.sy\/es\/index.php?rest_route=%2Fwp%2Fv2%2Fcategories&post=308335"},{"taxonomy":"post_tag","embeddable":true,"href":"https:\/\/archive.sana.sy\/es\/index.php?rest_route=%2Fwp%2Fv2%2Ftags&post=308335"}],"curies":[{"name":"wp","href":"https:\/\/api.w.org\/{rel}","templated":true}]}}