{"id":308347,"date":"2023-09-11T14:46:39","date_gmt":"2023-09-11T11:46:39","guid":{"rendered":"http:\/\/sana.sy\/es\/?p=308347"},"modified":"2023-09-11T20:16:48","modified_gmt":"2023-09-11T17:16:48","slug":"inicia-en-damasco-el-foro-economico-jordano-sirio","status":"publish","type":"post","link":"https:\/\/archive.sana.sy\/es\/?p=308347","title":{"rendered":"Inicia en Damasco el Foro Econ\u00f3mico Jordano-Sirio"},"content":{"rendered":"<p style=\"text-align: justify;\"><span style=\"color: #800000;\"><strong>Damasco, 11 sep (SANA) <\/strong><\/span>Bajo el t\u00edtulo (Intercambio comercial y log\u00edstica de transporte entre Siria y Jordania), el Foro Econ\u00f3mico Jordano-Sirio comenz\u00f3 hoy en Damasco, el cual fue acompa\u00f1ado de una exposici\u00f3n sobre las actividades de las empresas de cargas y transporte jordanas.<\/p>\n<p style=\"text-align: justify;\">Los participantes en el referido foro, incluidos representantes de las c\u00e1maras de industria y comercio y actividades econ\u00f3micas, analizaron v\u00edas para superar las dificultades y obst\u00e1culos al intercambio comercial y el proceso de exportaci\u00f3n de productos sirios y jordanos, as\u00ed como las exenciones aduaneras.<\/p>\n<p style=\"text-align: justify;\">fm\/lo\/sm<\/p>\n<div id='gallery-1' class='gallery galleryid-308347 gallery-columns-1 gallery-size-full'><figure class='gallery-item'>\n\t\t\t<div class='gallery-icon landscape'>\n\t\t\t\t<a href='https:\/\/archive.sana.sy\/es\/wp-content\/uploads\/2023\/09\/photo_2023-09-11_12-55-02-scaled.jpg'><img loading=\"lazy\" decoding=\"async\" width=\"2560\" height=\"1259\" src=\"https:\/\/archive.sana.sy\/es\/wp-content\/uploads\/2023\/09\/photo_2023-09-11_12-55-02-scaled.jpg\" class=\"attachment-full size-full\" alt=\"\" srcset=\"https:\/\/archive.sana.sy\/es\/wp-content\/uploads\/2023\/09\/photo_2023-09-11_12-55-02-scaled.jpg 2560w, https:\/\/archive.sana.sy\/es\/wp-content\/uploads\/2023\/09\/photo_2023-09-11_12-55-02-300x148.jpg 300w, https:\/\/archive.sana.sy\/es\/wp-content\/uploads\/2023\/09\/photo_2023-09-11_12-55-02-1024x504.jpg 1024w, https:\/\/archive.sana.sy\/es\/wp-content\/uploads\/2023\/09\/photo_2023-09-11_12-55-02-150x74.jpg 150w, https:\/\/archive.sana.sy\/es\/wp-content\/uploads\/2023\/09\/photo_2023-09-11_12-55-02-768x378.jpg 768w, https:\/\/archive.sana.sy\/es\/wp-content\/uploads\/2023\/09\/photo_2023-09-11_12-55-02-1536x756.jpg 1536w, https:\/\/archive.sana.sy\/es\/wp-content\/uploads\/2023\/09\/photo_2023-09-11_12-55-02-2048x1008.jpg 2048w\" sizes=\"(max-width: 2560px) 100vw, 2560px\" \/><\/a>\n\t\t\t<\/div><\/figure><figure class='gallery-item'>\n\t\t\t<div class='gallery-icon landscape'>\n\t\t\t\t<a href='https:\/\/archive.sana.sy\/es\/wp-content\/uploads\/2023\/09\/photo_2023-09-11_12-55-10-scaled.jpg'><img loading=\"lazy\" decoding=\"async\" width=\"2560\" height=\"1251\" src=\"https:\/\/archive.sana.sy\/es\/wp-content\/uploads\/2023\/09\/photo_2023-09-11_12-55-10-scaled.jpg\" class=\"attachment-full size-full\" alt=\"\" srcset=\"https:\/\/archive.sana.sy\/es\/wp-content\/uploads\/2023\/09\/photo_2023-09-11_12-55-10-scaled.jpg 2560w, https:\/\/archive.sana.sy\/es\/wp-content\/uploads\/2023\/09\/photo_2023-09-11_12-55-10-300x147.jpg 300w, https:\/\/archive.sana.sy\/es\/wp-content\/uploads\/2023\/09\/photo_2023-09-11_12-55-10-1024x500.jpg 1024w, https:\/\/archive.sana.sy\/es\/wp-content\/uploads\/2023\/09\/photo_2023-09-11_12-55-10-150x73.jpg 150w, https:\/\/archive.sana.sy\/es\/wp-content\/uploads\/2023\/09\/photo_2023-09-11_12-55-10-768x375.jpg 768w, https:\/\/archive.sana.sy\/es\/wp-content\/uploads\/2023\/09\/photo_2023-09-11_12-55-10-1536x750.jpg 1536w, https:\/\/archive.sana.sy\/es\/wp-content\/uploads\/2023\/09\/photo_2023-09-11_12-55-10-2048x1001.jpg 2048w\" sizes=\"(max-width: 2560px) 100vw, 2560px\" \/><\/a>\n\t\t\t<\/div><\/figure>\n\t\t<\/div>\n\n","protected":false},"excerpt":{"rendered":"<p>Damasco, 11 sep (SANA) Bajo el t\u00edtulo (Intercambio comercial y log\u00edstica de transporte entre Siria y Jordania), el Foro Econ\u00f3mico Jordano-Sirio comenz\u00f3 hoy en Damasco, el cual fue acompa\u00f1ado de una exposici\u00f3n sobre las actividades de las empresas de cargas y transporte jordanas. Los participantes en el referido foro, incluidos representantes de las c\u00e1maras de &hellip;<\/p>\n","protected":false},"author":32,"featured_media":308348,"comment_status":"closed","ping_status":"closed","sticky":false,"template":"","format":"standard","meta":{"footnotes":""},"categories":[477,620,597,16686,483,485,476,7541],"tags":[],"class_list":["post-308347","post","type-post","status-publish","format-standard","has-post-thumbnail","","category-noticias-edulcorantes","category-boletin-economico","category-cinta-de-noticias","category-economia","category-negocios-y-finanzas","category-informes-negocios-y-finanzas","category-locales","category-ultimas-noticias"],"_links":{"self":[{"href":"https:\/\/archive.sana.sy\/es\/index.php?rest_route=\/wp\/v2\/posts\/308347"}],"collection":[{"href":"https:\/\/archive.sana.sy\/es\/index.php?rest_route=\/wp\/v2\/posts"}],"about":[{"href":"https:\/\/archive.sana.sy\/es\/index.php?rest_route=\/wp\/v2\/types\/post"}],"author":[{"embeddable":true,"href":"https:\/\/archive.sana.sy\/es\/index.php?rest_route=\/wp\/v2\/users\/32"}],"replies":[{"embeddable":true,"href":"https:\/\/archive.sana.sy\/es\/index.php?rest_route=%2Fwp%2Fv2%2Fcomments&post=308347"}],"version-history":[{"count":6,"href":"https:\/\/archive.sana.sy\/es\/index.php?rest_route=\/wp\/v2\/posts\/308347\/revisions"}],"predecessor-version":[{"id":308409,"href":"https:\/\/archive.sana.sy\/es\/index.php?rest_route=\/wp\/v2\/posts\/308347\/revisions\/308409"}],"wp:featuredmedia":[{"embeddable":true,"href":"https:\/\/archive.sana.sy\/es\/index.php?rest_route=\/wp\/v2\/media\/308348"}],"wp:attachment":[{"href":"https:\/\/archive.sana.sy\/es\/index.php?rest_route=%2Fwp%2Fv2%2Fmedia&parent=308347"}],"wp:term":[{"taxonomy":"category","embeddable":true,"href":"https:\/\/archive.sana.sy\/es\/index.php?rest_route=%2Fwp%2Fv2%2Fcategories&post=308347"},{"taxonomy":"post_tag","embeddable":true,"href":"https:\/\/archive.sana.sy\/es\/index.php?rest_route=%2Fwp%2Fv2%2Ftags&post=308347"}],"curies":[{"name":"wp","href":"https:\/\/api.w.org\/{rel}","templated":true}]}}