{"id":308360,"date":"2023-09-11T15:13:13","date_gmt":"2023-09-11T12:13:13","guid":{"rendered":"http:\/\/sana.sy\/es\/?p=308360"},"modified":"2023-09-11T15:13:13","modified_gmt":"2023-09-11T12:13:13","slug":"los-paises-europeos-estan-afligidos-por-el-virus-de-la-rusofobia-y-el-deficit-de-soberania-afirma-peskov","status":"publish","type":"post","link":"https:\/\/archive.sana.sy\/es\/?p=308360","title":{"rendered":"Los pa\u00edses europeos est\u00e1n afligidos por el virus de la rusofobia y el d\u00e9ficit de soberan\u00eda, afirma Peskov"},"content":{"rendered":"<p><span style=\"color: #800000;\"><strong>Mosc\u00fa, 11 sep (SANA)<\/strong> <\/span>El portavoz del Kremlin, Dmitri Peskov, dijo hoy que el di\u00e1logo con los pa\u00edses occidentales es in\u00fatil actualmente, sin embargo, Rusia espera que los contactos se reanuden en el futuro.<\/p>\n<p>\u201cPor el momento, no se observan indicios que permitieran entablar conversaciones de paz con Ucrania\u201d, dijo el vocero citado por TASS.<\/p>\n<p>En este sentido, agreg\u00f3 que Ucrania deber\u00e1 iniciar las negociaciones con Rusia reconociendo las realidades que surgieron desde marzo de 2022.<\/p>\n<p>Afirm\u00f3 que Kiev sigue cometiendo atentados terroristas, lo que hace necesario continuar la operaci\u00f3n militar especial rusa para frenar esta amenaza.<\/p>\n<p>Denunci\u00f3 que las capitales de todos los pa\u00edses europeos est\u00e1n afligidos por el virus de la rusofobia y el d\u00e9ficit de soberan\u00eda, y se encuentran bajo la presi\u00f3n de Washington.<\/p>\n<p>fm\/lo<\/p>\n","protected":false},"excerpt":{"rendered":"<p>Mosc\u00fa, 11 sep (SANA) El portavoz del Kremlin, Dmitri Peskov, dijo hoy que el di\u00e1logo con los pa\u00edses occidentales es in\u00fatil actualmente, sin embargo, Rusia espera que los contactos se reanuden en el futuro. \u201cPor el momento, no se observan indicios que permitieran entablar conversaciones de paz con Ucrania\u201d, dijo el vocero citado por TASS. &hellip;<\/p>\n","protected":false},"author":32,"featured_media":308361,"comment_status":"closed","ping_status":"closed","sticky":false,"template":"","format":"standard","meta":{"footnotes":""},"categories":[597,456,16687,7541],"tags":[],"class_list":["post-308360","post","type-post","status-publish","format-standard","has-post-thumbnail","","category-cinta-de-noticias","category-arabe-internacional-politica","category-internacionales","category-ultimas-noticias"],"_links":{"self":[{"href":"https:\/\/archive.sana.sy\/es\/index.php?rest_route=\/wp\/v2\/posts\/308360"}],"collection":[{"href":"https:\/\/archive.sana.sy\/es\/index.php?rest_route=\/wp\/v2\/posts"}],"about":[{"href":"https:\/\/archive.sana.sy\/es\/index.php?rest_route=\/wp\/v2\/types\/post"}],"author":[{"embeddable":true,"href":"https:\/\/archive.sana.sy\/es\/index.php?rest_route=\/wp\/v2\/users\/32"}],"replies":[{"embeddable":true,"href":"https:\/\/archive.sana.sy\/es\/index.php?rest_route=%2Fwp%2Fv2%2Fcomments&post=308360"}],"version-history":[{"count":1,"href":"https:\/\/archive.sana.sy\/es\/index.php?rest_route=\/wp\/v2\/posts\/308360\/revisions"}],"predecessor-version":[{"id":308362,"href":"https:\/\/archive.sana.sy\/es\/index.php?rest_route=\/wp\/v2\/posts\/308360\/revisions\/308362"}],"wp:featuredmedia":[{"embeddable":true,"href":"https:\/\/archive.sana.sy\/es\/index.php?rest_route=\/wp\/v2\/media\/308361"}],"wp:attachment":[{"href":"https:\/\/archive.sana.sy\/es\/index.php?rest_route=%2Fwp%2Fv2%2Fmedia&parent=308360"}],"wp:term":[{"taxonomy":"category","embeddable":true,"href":"https:\/\/archive.sana.sy\/es\/index.php?rest_route=%2Fwp%2Fv2%2Fcategories&post=308360"},{"taxonomy":"post_tag","embeddable":true,"href":"https:\/\/archive.sana.sy\/es\/index.php?rest_route=%2Fwp%2Fv2%2Ftags&post=308360"}],"curies":[{"name":"wp","href":"https:\/\/api.w.org\/{rel}","templated":true}]}}