{"id":308383,"date":"2023-09-11T16:58:09","date_gmt":"2023-09-11T13:58:09","guid":{"rendered":"http:\/\/sana.sy\/es\/?p=308383"},"modified":"2023-09-11T16:58:09","modified_gmt":"2023-09-11T13:58:09","slug":"rusia-salio-victoriosa-del-conflicto-con-ee-uu-y-la-otan-afirma-eurodiputado","status":"publish","type":"post","link":"https:\/\/archive.sana.sy\/es\/?p=308383","title":{"rendered":"&#8220;Rusia sali\u00f3 victoriosa del conflicto con EE.UU. y la OTAN&#8221;, afirma eurodiputado"},"content":{"rendered":"<blockquote>\n<p style=\"text-align: justify;\"><span style=\"color: #993300;\">La UE ya es el gran perdedor por recesi\u00f3n econ\u00f3mica, desindustrializaci\u00f3n, expuesta como perro faldero de EE.UU. y sanciones suicidas.<\/span><\/p>\n<\/blockquote>\n<p style=\"text-align: justify;\"><span style=\"color: #800000;\"><strong>Belfast, 11 sep (SANA)<\/strong> <\/span>El eurodiputado Marcel de Graaff, del partido neerland\u00e9s Foro para la Democracia (FvD), dijo que Rusia ya sali\u00f3 victoriosa en el enfrentamiento con la OTAN y Estados Unidos.<\/p>\n<p style=\"text-align: justify;\">&#8220;Rusia ya es la gran ganadora en este conflicto con EE.UU.\/OTAN&#8221;, escribi\u00f3 el pol\u00edtico en la red social X, y justific\u00f3 su afirmaci\u00f3n por la creciente influencia rusa en todo el mundo excepto en Occidente, los procesos lanzados de desdolarizaci\u00f3n y el desarrollo de la econom\u00eda debido a la falta del efecto de las sanciones.<\/p>\n<p style=\"text-align: justify;\">En lo relacionado con la Uni\u00f3n Europea, De Graaf sostiene, seg\u00fan cita RT, que el bloque ya es el gran perdedor y enumera las razones: recesi\u00f3n econ\u00f3mica, desindustrializaci\u00f3n, expuesta como perro faldero de EE.UU., sanciones suicidas&#8221;.<\/p>\n<p style=\"text-align: justify;\">fm\/sm<\/p>\n","protected":false},"excerpt":{"rendered":"<p>La UE ya es el gran perdedor por recesi\u00f3n econ\u00f3mica, desindustrializaci\u00f3n, expuesta como perro faldero de EE.UU. y sanciones suicidas. Belfast, 11 sep (SANA) El eurodiputado Marcel de Graaff, del partido neerland\u00e9s Foro para la Democracia (FvD), dijo que Rusia ya sali\u00f3 victoriosa en el enfrentamiento con la OTAN y Estados Unidos. &#8220;Rusia ya es &hellip;<\/p>\n","protected":false},"author":39,"featured_media":308384,"comment_status":"closed","ping_status":"closed","sticky":false,"template":"","format":"standard","meta":{"footnotes":""},"categories":[597,456,16687,20724,7541],"tags":[],"class_list":["post-308383","post","type-post","status-publish","format-standard","has-post-thumbnail","","category-cinta-de-noticias","category-arabe-internacional-politica","category-internacionales","category-minuto-a-minuto","category-ultimas-noticias"],"_links":{"self":[{"href":"https:\/\/archive.sana.sy\/es\/index.php?rest_route=\/wp\/v2\/posts\/308383"}],"collection":[{"href":"https:\/\/archive.sana.sy\/es\/index.php?rest_route=\/wp\/v2\/posts"}],"about":[{"href":"https:\/\/archive.sana.sy\/es\/index.php?rest_route=\/wp\/v2\/types\/post"}],"author":[{"embeddable":true,"href":"https:\/\/archive.sana.sy\/es\/index.php?rest_route=\/wp\/v2\/users\/39"}],"replies":[{"embeddable":true,"href":"https:\/\/archive.sana.sy\/es\/index.php?rest_route=%2Fwp%2Fv2%2Fcomments&post=308383"}],"version-history":[{"count":1,"href":"https:\/\/archive.sana.sy\/es\/index.php?rest_route=\/wp\/v2\/posts\/308383\/revisions"}],"predecessor-version":[{"id":308385,"href":"https:\/\/archive.sana.sy\/es\/index.php?rest_route=\/wp\/v2\/posts\/308383\/revisions\/308385"}],"wp:featuredmedia":[{"embeddable":true,"href":"https:\/\/archive.sana.sy\/es\/index.php?rest_route=\/wp\/v2\/media\/308384"}],"wp:attachment":[{"href":"https:\/\/archive.sana.sy\/es\/index.php?rest_route=%2Fwp%2Fv2%2Fmedia&parent=308383"}],"wp:term":[{"taxonomy":"category","embeddable":true,"href":"https:\/\/archive.sana.sy\/es\/index.php?rest_route=%2Fwp%2Fv2%2Fcategories&post=308383"},{"taxonomy":"post_tag","embeddable":true,"href":"https:\/\/archive.sana.sy\/es\/index.php?rest_route=%2Fwp%2Fv2%2Ftags&post=308383"}],"curies":[{"name":"wp","href":"https:\/\/api.w.org\/{rel}","templated":true}]}}