{"id":308387,"date":"2023-09-11T17:26:54","date_gmt":"2023-09-11T14:26:54","guid":{"rendered":"http:\/\/sana.sy\/es\/?p=308387"},"modified":"2023-09-11T17:31:39","modified_gmt":"2023-09-11T14:31:39","slug":"biden-ofrece-frases-confusas-y-sin-sentido-en-una-rueda-de-prensa-en-vietnam","status":"publish","type":"post","link":"https:\/\/archive.sana.sy\/es\/?p=308387","title":{"rendered":"Biden ofrece frases confusas y sin sentido en una rueda de Prensa en Vietnam"},"content":{"rendered":"<p style=\"text-align: justify;\"><span style=\"color: #800000;\"><strong>Hanoi, 11 sep (SANA)<\/strong> <\/span>El presidente de EE.UU., Joe Biden, se despidi\u00f3 de los periodistas en una rueda de prensa en la capital de Vietnam, Han\u00f3i, al decirles que ya se iba a la cama.<\/p>\n<p style=\"text-align: justify;\">Biden estaba razonando sobre el estado actual de las relaciones con China y su reuni\u00f3n con el primer ministro del gigante asi\u00e1tico, Li Qiang, que tuvo lugar en la cumbre del G20 en la India, cuando dijo: &#8220;Pero les dir\u00e9 una cosa, no s\u00e9 ustedes, pero yo me voy a la cama&#8221;,<\/p>\n<p style=\"text-align: justify;\">Seg\u00fan difundi\u00f3 el sitio web de RT, el l\u00edder estadounidense sigui\u00f3 con su rueda informativa y, tras ser preguntado sobre el n\u00facleo de su encuentro con Li, ofreci\u00f3 unas frases confusas y sin sentido en las que se refiri\u00f3 a los pa\u00edses del Sur Global como &#8220;tercer mundo&#8221;.<\/p>\n<p style=\"text-align: justify;\">&#8220;Hablamos de lo que hablamos en la conferencia en general. Hablamos de estabilidad. Hablamos de asegurarnos de que el tercer mundo, el, perd\u00f3n, tercer mundo, el, el, el hemisferio sur tuviera acceso al cambio, tuviera acceso. Nosotros, no fue una confrontaci\u00f3n en absoluto. [Li] se acerc\u00f3 a m\u00ed&#8221;, reza la transcripci\u00f3n oficial de la rueda de prensa que fue terminada en ese mismo instante por la portavoz de la Casa Blanca, Karine Jean-Pierre.<\/p>\n<p style=\"text-align: justify;\">Durante su visita a Vietnam, el presidente estadounidense ya se vio envuelto en una situaci\u00f3n inc\u00f3moda, cuando confundi\u00f3 el orden de las preguntas de los periodistas o cuando salud\u00f3 a los reporteros con la frase &#8220;buenas tardes, Vietnam&#8221;, en una aparente alusi\u00f3n a una pel\u00edcula sobre la Guerra de Vietnam.<\/p>\n<p style=\"text-align: justify;\">fm\/sm<\/p>\n","protected":false},"excerpt":{"rendered":"<p>Hanoi, 11 sep (SANA) El presidente de EE.UU., Joe Biden, se despidi\u00f3 de los periodistas en una rueda de prensa en la capital de Vietnam, Han\u00f3i, al decirles que ya se iba a la cama. Biden estaba razonando sobre el estado actual de las relaciones con China y su reuni\u00f3n con el primer ministro del &hellip;<\/p>\n","protected":false},"author":39,"featured_media":308388,"comment_status":"closed","ping_status":"closed","sticky":false,"template":"","format":"standard","meta":{"footnotes":""},"categories":[597,456,16687,20724,7541],"tags":[],"class_list":["post-308387","post","type-post","status-publish","format-standard","has-post-thumbnail","","category-cinta-de-noticias","category-arabe-internacional-politica","category-internacionales","category-minuto-a-minuto","category-ultimas-noticias"],"_links":{"self":[{"href":"https:\/\/archive.sana.sy\/es\/index.php?rest_route=\/wp\/v2\/posts\/308387"}],"collection":[{"href":"https:\/\/archive.sana.sy\/es\/index.php?rest_route=\/wp\/v2\/posts"}],"about":[{"href":"https:\/\/archive.sana.sy\/es\/index.php?rest_route=\/wp\/v2\/types\/post"}],"author":[{"embeddable":true,"href":"https:\/\/archive.sana.sy\/es\/index.php?rest_route=\/wp\/v2\/users\/39"}],"replies":[{"embeddable":true,"href":"https:\/\/archive.sana.sy\/es\/index.php?rest_route=%2Fwp%2Fv2%2Fcomments&post=308387"}],"version-history":[{"count":2,"href":"https:\/\/archive.sana.sy\/es\/index.php?rest_route=\/wp\/v2\/posts\/308387\/revisions"}],"predecessor-version":[{"id":308390,"href":"https:\/\/archive.sana.sy\/es\/index.php?rest_route=\/wp\/v2\/posts\/308387\/revisions\/308390"}],"wp:featuredmedia":[{"embeddable":true,"href":"https:\/\/archive.sana.sy\/es\/index.php?rest_route=\/wp\/v2\/media\/308388"}],"wp:attachment":[{"href":"https:\/\/archive.sana.sy\/es\/index.php?rest_route=%2Fwp%2Fv2%2Fmedia&parent=308387"}],"wp:term":[{"taxonomy":"category","embeddable":true,"href":"https:\/\/archive.sana.sy\/es\/index.php?rest_route=%2Fwp%2Fv2%2Fcategories&post=308387"},{"taxonomy":"post_tag","embeddable":true,"href":"https:\/\/archive.sana.sy\/es\/index.php?rest_route=%2Fwp%2Fv2%2Ftags&post=308387"}],"curies":[{"name":"wp","href":"https:\/\/api.w.org\/{rel}","templated":true}]}}