{"id":308416,"date":"2023-09-12T09:54:40","date_gmt":"2023-09-12T06:54:40","guid":{"rendered":"http:\/\/sana.sy\/es\/?p=308416"},"modified":"2023-09-12T09:54:56","modified_gmt":"2023-09-12T06:54:56","slug":"la-fuerza-aerea-rusa-lanza-24-ataques-contra-fuerzas-ucranianas-en-el-eje-kubiansk","status":"publish","type":"post","link":"https:\/\/archive.sana.sy\/es\/?p=308416","title":{"rendered":"La Fuerza A\u00e9rea Rusa lanza 24 ataques contra fuerzas ucranianas en el eje K\u00fabiansk"},"content":{"rendered":"<blockquote>\n<p style=\"text-align: justify;\"><span style=\"color: #993300;\">El jefe del centro de prensa del grupo de fuerzas ruso \u201cZapad\u201d revel\u00f3 que las p\u00e9rdidas totales del enemigo ascendieron a dos pelotones de personal y un tanque T-72.<\/span><\/p>\n<\/blockquote>\n<p style=\"text-align: justify;\"><span style=\"color: #800000;\"><strong>Mosc\u00fa, 12 sep (SANA)<\/strong> <\/span>El jefe del centro de prensa del grupo de fuerzas ruso \u201cZapad\u201d, Sergei Zibinsky, anunci\u00f3 hoy que la fuerza a\u00e9rea del referido grupo lanz\u00f3 24 incursiones contra concentraciones de personal, armas y equipo militar de las fuerzas ucranianas en el eje K\u00fabiansk.<\/p>\n<p style=\"text-align: justify;\">Zibinsky dijo en una entrevista con Sputnik que \u201clas tripulaciones de los helic\u00f3pteros de ataque Ka-52 y Mi-28 y los cazas de ataque del grupo de fuerzas Zapad llevaron a cabo 24 ataques con misiles y bombas contra los centros de concentraci\u00f3n de mano de obra, armas y equipo militar de la 14\u00aa brigada mecanizada y la Brigada de Defensa Territorial de las fuerzas ucranianas en las zonas de las localidades de Senkovka, Berestovo e Ivanovka\u201d.<\/p>\n<p style=\"text-align: justify;\">A\u00f1adi\u00f3 que la artiller\u00eda del grupo destruy\u00f3 una plataforma de artiller\u00eda autopropulsada &#8220;Gvozdika 2S1&#8221; y un punto de suministro de municiones para las fuerzas ucranianas en las zonas de las ciudades de Bishany y Senkovka.<\/p>\n<p style=\"text-align: justify;\">Mientras los sistemas de defensa a\u00e9rea destruyeron un dron Valkyrie en la zona de Ploshanka.<\/p>\n<p style=\"text-align: justify;\">El jefe del centro revel\u00f3 que las p\u00e9rdidas totales del enemigo ascendieron a dos pelotones de personal y un tanque T-72.<\/p>\n<p style=\"text-align: justify;\">fm\/as<\/p>\n","protected":false},"excerpt":{"rendered":"<p>El jefe del centro de prensa del grupo de fuerzas ruso \u201cZapad\u201d revel\u00f3 que las p\u00e9rdidas totales del enemigo ascendieron a dos pelotones de personal y un tanque T-72. Mosc\u00fa, 12 sep (SANA) El jefe del centro de prensa del grupo de fuerzas ruso \u201cZapad\u201d, Sergei Zibinsky, anunci\u00f3 hoy que la fuerza a\u00e9rea del referido &hellip;<\/p>\n","protected":false},"author":42,"featured_media":308417,"comment_status":"closed","ping_status":"closed","sticky":false,"template":"","format":"standard","meta":{"footnotes":""},"categories":[597,456,16687,20724,7541],"tags":[],"class_list":["post-308416","post","type-post","status-publish","format-standard","has-post-thumbnail","","category-cinta-de-noticias","category-arabe-internacional-politica","category-internacionales","category-minuto-a-minuto","category-ultimas-noticias"],"_links":{"self":[{"href":"https:\/\/archive.sana.sy\/es\/index.php?rest_route=\/wp\/v2\/posts\/308416"}],"collection":[{"href":"https:\/\/archive.sana.sy\/es\/index.php?rest_route=\/wp\/v2\/posts"}],"about":[{"href":"https:\/\/archive.sana.sy\/es\/index.php?rest_route=\/wp\/v2\/types\/post"}],"author":[{"embeddable":true,"href":"https:\/\/archive.sana.sy\/es\/index.php?rest_route=\/wp\/v2\/users\/42"}],"replies":[{"embeddable":true,"href":"https:\/\/archive.sana.sy\/es\/index.php?rest_route=%2Fwp%2Fv2%2Fcomments&post=308416"}],"version-history":[{"count":2,"href":"https:\/\/archive.sana.sy\/es\/index.php?rest_route=\/wp\/v2\/posts\/308416\/revisions"}],"predecessor-version":[{"id":308419,"href":"https:\/\/archive.sana.sy\/es\/index.php?rest_route=\/wp\/v2\/posts\/308416\/revisions\/308419"}],"wp:featuredmedia":[{"embeddable":true,"href":"https:\/\/archive.sana.sy\/es\/index.php?rest_route=\/wp\/v2\/media\/308417"}],"wp:attachment":[{"href":"https:\/\/archive.sana.sy\/es\/index.php?rest_route=%2Fwp%2Fv2%2Fmedia&parent=308416"}],"wp:term":[{"taxonomy":"category","embeddable":true,"href":"https:\/\/archive.sana.sy\/es\/index.php?rest_route=%2Fwp%2Fv2%2Fcategories&post=308416"},{"taxonomy":"post_tag","embeddable":true,"href":"https:\/\/archive.sana.sy\/es\/index.php?rest_route=%2Fwp%2Fv2%2Ftags&post=308416"}],"curies":[{"name":"wp","href":"https:\/\/api.w.org\/{rel}","templated":true}]}}