{"id":30842,"date":"2015-09-30T21:49:10","date_gmt":"2015-09-30T18:49:10","guid":{"rendered":"http:\/\/sana.sy\/es\/?p=30842"},"modified":"2023-01-09T14:09:46","modified_gmt":"2023-01-09T12:09:46","slug":"un-martir-y-4-heridos-deja-un-ataque-contra-el-campamento-al-wafidin","status":"publish","type":"post","link":"https:\/\/archive.sana.sy\/es\/?p=30842","title":{"rendered":"Un m\u00e1rtir y 4 heridos deja un ataque contra el campamento al-Wafidin"},"content":{"rendered":"<p style=\"text-align: justify\"><span style=\"color: #800000\">Damasco, SANA<\/span>&#8211; El campamento de al-Wafidin en la ciudad de Damasco, han sido blanco de un ataque terrorista con mortero.<\/p>\n<p style=\"text-align: justify\">Este mi\u00e9rcoles, un proyectil de mortero impact\u00f3 en una casa en el campamento, causado la muerte a un ni\u00f1o de 9 a\u00f1os y lisiones a sus tres hermanos de 3, 5, y 14 a\u00f1os y a otro ni\u00f1o de 5 a\u00f1os, adem\u00e1s de p\u00e9rdidas materiales en la zonas del impacto, seg\u00fan inform\u00f3 una fuente de polic\u00eda.<\/p>\n<p style=\"text-align: justify\">\nM.Miri<\/p>\n","protected":false},"excerpt":{"rendered":"<p>Damasco, SANA&#8211; El campamento de al-Wafidin en la ciudad de Damasco, han sido blanco de un ataque terrorista con mortero. Este mi\u00e9rcoles, un proyectil de mortero impact\u00f3 en una casa en el campamento, causado la muerte a un ni\u00f1o de 9 a\u00f1os y lisiones a sus tres hermanos de 3, 5, y 14 a\u00f1os y &hellip;<\/p>\n","protected":false},"author":1,"featured_media":30843,"comment_status":"closed","ping_status":"closed","sticky":false,"template":"","format":"standard","meta":{"footnotes":""},"categories":[477,476],"tags":[6842],"class_list":["post-30842","post","type-post","status-publish","format-standard","has-post-thumbnail","","category-noticias-edulcorantes","category-locales","tag-un-martir-y-4-heridos-deja-un-ataque-contra-el-campamento-al-wafidin"],"_links":{"self":[{"href":"https:\/\/archive.sana.sy\/es\/index.php?rest_route=\/wp\/v2\/posts\/30842"}],"collection":[{"href":"https:\/\/archive.sana.sy\/es\/index.php?rest_route=\/wp\/v2\/posts"}],"about":[{"href":"https:\/\/archive.sana.sy\/es\/index.php?rest_route=\/wp\/v2\/types\/post"}],"author":[{"embeddable":true,"href":"https:\/\/archive.sana.sy\/es\/index.php?rest_route=\/wp\/v2\/users\/1"}],"replies":[{"embeddable":true,"href":"https:\/\/archive.sana.sy\/es\/index.php?rest_route=%2Fwp%2Fv2%2Fcomments&post=30842"}],"version-history":[{"count":0,"href":"https:\/\/archive.sana.sy\/es\/index.php?rest_route=\/wp\/v2\/posts\/30842\/revisions"}],"wp:featuredmedia":[{"embeddable":true,"href":"https:\/\/archive.sana.sy\/es\/index.php?rest_route=\/wp\/v2\/media\/30843"}],"wp:attachment":[{"href":"https:\/\/archive.sana.sy\/es\/index.php?rest_route=%2Fwp%2Fv2%2Fmedia&parent=30842"}],"wp:term":[{"taxonomy":"category","embeddable":true,"href":"https:\/\/archive.sana.sy\/es\/index.php?rest_route=%2Fwp%2Fv2%2Fcategories&post=30842"},{"taxonomy":"post_tag","embeddable":true,"href":"https:\/\/archive.sana.sy\/es\/index.php?rest_route=%2Fwp%2Fv2%2Ftags&post=30842"}],"curies":[{"name":"wp","href":"https:\/\/api.w.org\/{rel}","templated":true}]}}