{"id":308420,"date":"2023-09-12T10:36:53","date_gmt":"2023-09-12T07:36:53","guid":{"rendered":"http:\/\/sana.sy\/es\/?p=308420"},"modified":"2023-09-12T15:18:17","modified_gmt":"2023-09-12T12:18:17","slug":"feria-hecho-en-siria-en-sehnayaa-cerca-de-damasco-fotos","status":"publish","type":"post","link":"https:\/\/archive.sana.sy\/es\/?p=308420","title":{"rendered":"Feria &#8220;Hecho en Siria&#8221; en Sehnayaa, cerca de Damasco (+ fotos)"},"content":{"rendered":"<p style=\"text-align: justify;\"><span style=\"color: #800000;\"><strong>Damasco, 12 sep (SANA) <\/strong><\/span>90 compa\u00f1\u00edas industriales nacionales participan en la edicion 153 de la feria mensual de compras \u201cHecho en Siria\u201d que organizan la C\u00e1mara de Industria de Damasco y la Uni\u00f3n de Exportadores e Importadores \u00c1rabes.<\/p>\n<p style=\"text-align: justify;\">Las entidades participantes ofrecen una amplia variedad de productos alimenticios, ropas, art\u00edculos de papeler\u00eda y uniformes escolares a precios reducidos.<\/p>\n<p style=\"text-align: justify;\">La actual edici\u00f3n es organizada en la ciudad de Sehnaya al sur de esta capital.<\/p>\n<div id='gallery-1' class='gallery galleryid-308420 gallery-columns-1 gallery-size-full'><figure class='gallery-item'>\n\t\t\t<div class='gallery-icon landscape'>\n\t\t\t\t<a href='https:\/\/archive.sana.sy\/es\/wp-content\/uploads\/2023\/09\/1-4.jpg'><img loading=\"lazy\" decoding=\"async\" width=\"660\" height=\"440\" src=\"https:\/\/archive.sana.sy\/es\/wp-content\/uploads\/2023\/09\/1-4.jpg\" class=\"attachment-full size-full\" alt=\"\" srcset=\"https:\/\/archive.sana.sy\/es\/wp-content\/uploads\/2023\/09\/1-4.jpg 660w, https:\/\/archive.sana.sy\/es\/wp-content\/uploads\/2023\/09\/1-4-300x200.jpg 300w, https:\/\/archive.sana.sy\/es\/wp-content\/uploads\/2023\/09\/1-4-150x100.jpg 150w\" sizes=\"(max-width: 660px) 100vw, 660px\" \/><\/a>\n\t\t\t<\/div><\/figure><figure class='gallery-item'>\n\t\t\t<div class='gallery-icon landscape'>\n\t\t\t\t<a href='https:\/\/archive.sana.sy\/es\/wp-content\/uploads\/2023\/09\/2-1.jpg'><img loading=\"lazy\" decoding=\"async\" width=\"660\" height=\"440\" src=\"https:\/\/archive.sana.sy\/es\/wp-content\/uploads\/2023\/09\/2-1.jpg\" class=\"attachment-full size-full\" alt=\"\" srcset=\"https:\/\/archive.sana.sy\/es\/wp-content\/uploads\/2023\/09\/2-1.jpg 660w, https:\/\/archive.sana.sy\/es\/wp-content\/uploads\/2023\/09\/2-1-300x200.jpg 300w, https:\/\/archive.sana.sy\/es\/wp-content\/uploads\/2023\/09\/2-1-150x100.jpg 150w\" sizes=\"(max-width: 660px) 100vw, 660px\" \/><\/a>\n\t\t\t<\/div><\/figure><figure class='gallery-item'>\n\t\t\t<div class='gallery-icon landscape'>\n\t\t\t\t<a href='https:\/\/archive.sana.sy\/es\/wp-content\/uploads\/2023\/09\/4-2.jpg'><img loading=\"lazy\" decoding=\"async\" width=\"660\" height=\"468\" src=\"https:\/\/archive.sana.sy\/es\/wp-content\/uploads\/2023\/09\/4-2.jpg\" class=\"attachment-full size-full\" alt=\"\" srcset=\"https:\/\/archive.sana.sy\/es\/wp-content\/uploads\/2023\/09\/4-2.jpg 660w, https:\/\/archive.sana.sy\/es\/wp-content\/uploads\/2023\/09\/4-2-300x213.jpg 300w, https:\/\/archive.sana.sy\/es\/wp-content\/uploads\/2023\/09\/4-2-150x106.jpg 150w\" sizes=\"(max-width: 660px) 100vw, 660px\" \/><\/a>\n\t\t\t<\/div><\/figure>\n\t\t<\/div>\n\n<p style=\"text-align: justify;\">as\/fm<\/p>\n","protected":false},"excerpt":{"rendered":"<p>Damasco, 12 sep (SANA) 90 compa\u00f1\u00edas industriales nacionales participan en la edicion 153 de la feria mensual de compras \u201cHecho en Siria\u201d que organizan la C\u00e1mara de Industria de Damasco y la Uni\u00f3n de Exportadores e Importadores \u00c1rabes. Las entidades participantes ofrecen una amplia variedad de productos alimenticios, ropas, art\u00edculos de papeler\u00eda y uniformes escolares &hellip;<\/p>\n","protected":false},"author":42,"featured_media":308424,"comment_status":"closed","ping_status":"closed","sticky":false,"template":"","format":"standard","meta":{"footnotes":""},"categories":[597,623,20724,476,571,7541],"tags":[],"class_list":["post-308420","post","type-post","status-publish","format-standard","has-post-thumbnail","","category-cinta-de-noticias","category-fotos-sana","category-minuto-a-minuto","category-locales","category-siria-en-fotos","category-ultimas-noticias"],"_links":{"self":[{"href":"https:\/\/archive.sana.sy\/es\/index.php?rest_route=\/wp\/v2\/posts\/308420"}],"collection":[{"href":"https:\/\/archive.sana.sy\/es\/index.php?rest_route=\/wp\/v2\/posts"}],"about":[{"href":"https:\/\/archive.sana.sy\/es\/index.php?rest_route=\/wp\/v2\/types\/post"}],"author":[{"embeddable":true,"href":"https:\/\/archive.sana.sy\/es\/index.php?rest_route=\/wp\/v2\/users\/42"}],"replies":[{"embeddable":true,"href":"https:\/\/archive.sana.sy\/es\/index.php?rest_route=%2Fwp%2Fv2%2Fcomments&post=308420"}],"version-history":[{"count":1,"href":"https:\/\/archive.sana.sy\/es\/index.php?rest_route=\/wp\/v2\/posts\/308420\/revisions"}],"predecessor-version":[{"id":308425,"href":"https:\/\/archive.sana.sy\/es\/index.php?rest_route=\/wp\/v2\/posts\/308420\/revisions\/308425"}],"wp:featuredmedia":[{"embeddable":true,"href":"https:\/\/archive.sana.sy\/es\/index.php?rest_route=\/wp\/v2\/media\/308424"}],"wp:attachment":[{"href":"https:\/\/archive.sana.sy\/es\/index.php?rest_route=%2Fwp%2Fv2%2Fmedia&parent=308420"}],"wp:term":[{"taxonomy":"category","embeddable":true,"href":"https:\/\/archive.sana.sy\/es\/index.php?rest_route=%2Fwp%2Fv2%2Fcategories&post=308420"},{"taxonomy":"post_tag","embeddable":true,"href":"https:\/\/archive.sana.sy\/es\/index.php?rest_route=%2Fwp%2Fv2%2Ftags&post=308420"}],"curies":[{"name":"wp","href":"https:\/\/api.w.org\/{rel}","templated":true}]}}