{"id":308472,"date":"2023-09-12T17:12:10","date_gmt":"2023-09-12T14:12:10","guid":{"rendered":"http:\/\/sana.sy\/es\/?p=308472"},"modified":"2023-09-12T17:15:41","modified_gmt":"2023-09-12T14:15:41","slug":"armados-asesinan-al-alcalde-de-la-ciudad-al-naima-en-deraa","status":"publish","type":"post","link":"https:\/\/archive.sana.sy\/es\/?p=308472","title":{"rendered":"Armados asesinan al alcalde de la ciudad al-Naima en Deraa"},"content":{"rendered":"<p style=\"text-align: justify\"><span style=\"color: #800000\"><strong>Deraa, 12 sep (SANA)<\/strong> <\/span>El alcalde de la ciudad de al-Naima situada al este de Deraa fue asesinado este martes a manos de armados desconocidos, seg\u00fan inform\u00f3 la Polic\u00eda de la provincia sure\u00f1a.<\/p>\n<p style=\"text-align: justify\">En declaraciones a SANA, precis\u00f3 que encapuchados a bordo de una motocicleta dispararon a Musa al-Aboud, alcalde de al-Naima, mientras estaba en el centro de la ciudad, lo que provoc\u00f3 la muerte inmediata del mismo.<\/p>\n<p style=\"text-align: justify\">El pasado tres de septiembre, terroristas asesinaron a Abdul Ilah Al-Fadil, miembro del secretariado del partido gobernante de al-Baath en la ciudad de Nawa, mientras se dirig\u00eda a su trabajo.<\/p>\n<p style=\"text-align: justify\">la<\/p>\n","protected":false},"excerpt":{"rendered":"<p>Deraa, 12 sep (SANA) El alcalde de la ciudad de al-Naima situada al este de Deraa fue asesinado este martes a manos de armados desconocidos, seg\u00fan inform\u00f3 la Polic\u00eda de la provincia sure\u00f1a. En declaraciones a SANA, precis\u00f3 que encapuchados a bordo de una motocicleta dispararon a Musa al-Aboud, alcalde de al-Naima, mientras estaba en &hellip;<\/p>\n","protected":false},"author":24,"featured_media":308473,"comment_status":"closed","ping_status":"closed","sticky":false,"template":"","format":"standard","meta":{"footnotes":""},"categories":[447,597,20724,476,448,7541],"tags":[17398,20604,8905],"class_list":["post-308472","post","type-post","status-publish","format-standard","has-post-thumbnail","","category-local-politica","category-cinta-de-noticias","category-minuto-a-minuto","category-locales","category-noticias","category-ultimas-noticias","tag-deraa","tag-al-naima","tag-terroristas"],"_links":{"self":[{"href":"https:\/\/archive.sana.sy\/es\/index.php?rest_route=\/wp\/v2\/posts\/308472"}],"collection":[{"href":"https:\/\/archive.sana.sy\/es\/index.php?rest_route=\/wp\/v2\/posts"}],"about":[{"href":"https:\/\/archive.sana.sy\/es\/index.php?rest_route=\/wp\/v2\/types\/post"}],"author":[{"embeddable":true,"href":"https:\/\/archive.sana.sy\/es\/index.php?rest_route=\/wp\/v2\/users\/24"}],"replies":[{"embeddable":true,"href":"https:\/\/archive.sana.sy\/es\/index.php?rest_route=%2Fwp%2Fv2%2Fcomments&post=308472"}],"version-history":[{"count":4,"href":"https:\/\/archive.sana.sy\/es\/index.php?rest_route=\/wp\/v2\/posts\/308472\/revisions"}],"predecessor-version":[{"id":308477,"href":"https:\/\/archive.sana.sy\/es\/index.php?rest_route=\/wp\/v2\/posts\/308472\/revisions\/308477"}],"wp:featuredmedia":[{"embeddable":true,"href":"https:\/\/archive.sana.sy\/es\/index.php?rest_route=\/wp\/v2\/media\/308473"}],"wp:attachment":[{"href":"https:\/\/archive.sana.sy\/es\/index.php?rest_route=%2Fwp%2Fv2%2Fmedia&parent=308472"}],"wp:term":[{"taxonomy":"category","embeddable":true,"href":"https:\/\/archive.sana.sy\/es\/index.php?rest_route=%2Fwp%2Fv2%2Fcategories&post=308472"},{"taxonomy":"post_tag","embeddable":true,"href":"https:\/\/archive.sana.sy\/es\/index.php?rest_route=%2Fwp%2Fv2%2Ftags&post=308472"}],"curies":[{"name":"wp","href":"https:\/\/api.w.org\/{rel}","templated":true}]}}