{"id":308496,"date":"2023-09-12T19:07:12","date_gmt":"2023-09-12T16:07:12","guid":{"rendered":"http:\/\/sana.sy\/es\/?p=308496"},"modified":"2023-09-12T20:01:39","modified_gmt":"2023-09-12T17:01:39","slug":"fuerzas-sirias-frustran-intentos-de-infilitracion-de-terroristas-en-los-campos-de-idlib-y-alepo","status":"publish","type":"post","link":"https:\/\/archive.sana.sy\/es\/?p=308496","title":{"rendered":"Fuerzas sirias frustran intentos de infiltraci\u00f3n de terroristas en los campos de Idlib y Alepo (+video)"},"content":{"rendered":"<p style=\"text-align: justify\"><span style=\"color: #800000\"><strong>Provincias, 12 sep (SANA)<\/strong><\/span> Unidades de nuestras fuerzas armadas en la zona rural de Idlib frustraron un intento de infiltraci\u00f3n de un grupo terrorista mientras trataba de alcanzar algunos puntos del ej\u00e9rcito en la regi\u00f3n, inform\u00f3 el Ministerio de Defensa en su cuenta Facebook.<\/p>\n<p style=\"text-align: justify\">En dicho operativo, los uniformados sirios lograron \u201cneutralizar la mayor\u00eda de los miembros del grupo terrorista\u201d, precis\u00f3.<\/p>\n<p style=\"text-align: justify\">El Ministerio agreg\u00f3 que unidades castrenses sirias que operaban en el campo occidental de Alepo acabar tambi\u00e9n con armados de un grupo terrorista que se estaba preparando para llevar a cabo ataques contra algunos puntos del ej\u00e9rcito.<\/p>\n<p style=\"text-align: justify\">El 3 de este mes, unidades del ej\u00e9rcito abortaron un ataque librado por grupos terroristas en direcci\u00f3n al campo occidental de Alepo, y derribaron dos drones terroristas en Idlib.<\/p>\n<p><iframe loading=\"lazy\" title=\"\u0648\u062d\u062f\u0627\u062a \u0645\u0646 \u0642\u0648\u0627\u062a\u0646\u0627 \u0627\u0644\u0645\u0633\u0644\u062d\u0629 \u062a\u062d\u0628\u0637 \u0645\u062d\u0627\u0648\u0644\u0629 \u062a\u0633\u0644\u0644 \u0644\u0644\u0625\u0631\u0647\u0627\u0628\u064a\u064a\u0646 \u0641\u064a \u0631\u064a\u0641\u064a \u062d\u0644\u0628 \u0648\u0625\u062f\u0644\u0628\" width=\"618\" height=\"348\" src=\"https:\/\/www.youtube.com\/embed\/e5jQfdRtI4Q?feature=oembed\" frameborder=\"0\" allow=\"accelerometer; autoplay; clipboard-write; encrypted-media; gyroscope; picture-in-picture; web-share\" referrerpolicy=\"strict-origin-when-cross-origin\" allowfullscreen><\/iframe><\/p>\n<p style=\"text-align: justify\">\n<p style=\"text-align: justify\">la<\/p>\n","protected":false},"excerpt":{"rendered":"<p>Provincias, 12 sep (SANA) Unidades de nuestras fuerzas armadas en la zona rural de Idlib frustraron un intento de infiltraci\u00f3n de un grupo terrorista mientras trataba de alcanzar algunos puntos del ej\u00e9rcito en la regi\u00f3n, inform\u00f3 el Ministerio de Defensa en su cuenta Facebook. En dicho operativo, los uniformados sirios lograron \u201cneutralizar la mayor\u00eda de &hellip;<\/p>\n","protected":false},"author":24,"featured_media":308509,"comment_status":"closed","ping_status":"closed","sticky":false,"template":"","format":"standard","meta":{"footnotes":""},"categories":[447,597,20724,448,583],"tags":[2626,22215,10167,8905],"class_list":["post-308496","post","type-post","status-publish","format-standard","has-post-thumbnail","","category-local-politica","category-cinta-de-noticias","category-minuto-a-minuto","category-noticias","category-slide","tag-alepo","tag-fuerzas-sirias","tag-idlib","tag-terroristas"],"_links":{"self":[{"href":"https:\/\/archive.sana.sy\/es\/index.php?rest_route=\/wp\/v2\/posts\/308496"}],"collection":[{"href":"https:\/\/archive.sana.sy\/es\/index.php?rest_route=\/wp\/v2\/posts"}],"about":[{"href":"https:\/\/archive.sana.sy\/es\/index.php?rest_route=\/wp\/v2\/types\/post"}],"author":[{"embeddable":true,"href":"https:\/\/archive.sana.sy\/es\/index.php?rest_route=\/wp\/v2\/users\/24"}],"replies":[{"embeddable":true,"href":"https:\/\/archive.sana.sy\/es\/index.php?rest_route=%2Fwp%2Fv2%2Fcomments&post=308496"}],"version-history":[{"count":6,"href":"https:\/\/archive.sana.sy\/es\/index.php?rest_route=\/wp\/v2\/posts\/308496\/revisions"}],"predecessor-version":[{"id":308511,"href":"https:\/\/archive.sana.sy\/es\/index.php?rest_route=\/wp\/v2\/posts\/308496\/revisions\/308511"}],"wp:featuredmedia":[{"embeddable":true,"href":"https:\/\/archive.sana.sy\/es\/index.php?rest_route=\/wp\/v2\/media\/308509"}],"wp:attachment":[{"href":"https:\/\/archive.sana.sy\/es\/index.php?rest_route=%2Fwp%2Fv2%2Fmedia&parent=308496"}],"wp:term":[{"taxonomy":"category","embeddable":true,"href":"https:\/\/archive.sana.sy\/es\/index.php?rest_route=%2Fwp%2Fv2%2Fcategories&post=308496"},{"taxonomy":"post_tag","embeddable":true,"href":"https:\/\/archive.sana.sy\/es\/index.php?rest_route=%2Fwp%2Fv2%2Ftags&post=308496"}],"curies":[{"name":"wp","href":"https:\/\/api.w.org\/{rel}","templated":true}]}}