{"id":30853,"date":"2015-09-30T22:39:01","date_gmt":"2015-09-30T19:39:01","guid":{"rendered":"http:\/\/sana.sy\/es\/?p=30853"},"modified":"2015-09-30T22:39:01","modified_gmt":"2015-09-30T19:39:01","slug":"teheran-desmiente-envio-a-yemen-de-barco-con-armas","status":"publish","type":"post","link":"https:\/\/archive.sana.sy\/es\/?p=30853","title":{"rendered":"Teher\u00e1n desmiente env\u00edo a Yemen de barco con armas"},"content":{"rendered":"<p style=\"text-align: justify\"><span style=\"color: #800000\">Teher\u00e1n, SANA<\/span>&#8211; La Canciller\u00eda iran\u00ed ha desmentido de modo categ\u00f3rico el env\u00edo de un barco pesquero cargado de armas para el movimiento popular yemen\u00ed Ansarol\u00e1, y denuncia la campa\u00f1a de mentiras contra Teher\u00e1n.<\/p>\n<p style=\"text-align: justify\">Una fuente de la cartera de Exteriores rechazaba as\u00ed este mi\u00e9rcoles un informe, difundido por medios de comunicaci\u00f3n occidentales, que pretende que las fuerzas militares de Arabia Saud\u00ed y sus aliados, que bombardean Yemen desde marzo, interceptaron el s\u00e1bado en el mar de Om\u00e1n un pesquero iran\u00ed cargado de armas.<\/p>\n<p style=\"text-align: justify\">El documento afirma que, adem\u00e1s de municiones, la llamada \u201ccoalici\u00f3n\u201d ha detenido a 15 personas de nacionalidad iran\u00ed que viajaban a bordo de la embarcaci\u00f3n.<\/p>\n<p style=\"text-align: justify\">\u201cNo cabe duda de que estas campa\u00f1as medi\u00e1ticas y acusaciones carecen de fundamento, ni de que las tropas de la coalici\u00f3n han recurrido a un escenario ya repetitivo (para eludir la responsabilidad saud\u00ed) en la reciente cat\u00e1strofe en Mina\u201d, ha afirmado el diplom\u00e1tico persa, haciendo referencia a la mort\u00edfera estampida acaecida el jueves cerca de la ciudad saud\u00ed de La Meca, donde murieron m\u00e1s de 4700 peregrinos, procedentes de m\u00e1s de 20 pa\u00edses musulmanes.<\/p>\n<p style=\"text-align: justify\">Conforme a la fuente iran\u00ed, tales campa\u00f1as calumniosas jam\u00e1s podr\u00e1n justificar los ataques y cr\u00edmenes que cometen constantemente las fuerzas de Riad y sus aliados en Yemen, donde han causado la muerte, hasta la fecha, al menos a 6090 yemen\u00edes \u2014entre ellos 1698 ni\u00f1os y 1038 mujeres\u2014.<\/p>\n<p>M.Miri<\/p>\n","protected":false},"excerpt":{"rendered":"<p>Teher\u00e1n, SANA&#8211; La Canciller\u00eda iran\u00ed ha desmentido de modo categ\u00f3rico el env\u00edo de un barco pesquero cargado de armas para el movimiento popular yemen\u00ed Ansarol\u00e1, y denuncia la campa\u00f1a de mentiras contra Teher\u00e1n. Una fuente de la cartera de Exteriores rechazaba as\u00ed este mi\u00e9rcoles un informe, difundido por medios de comunicaci\u00f3n occidentales, que pretende que &hellip;<\/p>\n","protected":false},"author":1,"featured_media":23042,"comment_status":"closed","ping_status":"closed","sticky":false,"template":"","format":"standard","meta":{"footnotes":""},"categories":[456,457,576],"tags":[6846],"class_list":["post-30853","post","type-post","status-publish","format-standard","has-post-thumbnail","","category-arabe-internacional-politica","category-noticias-arabe-internacional-politica","category-noticias-politicas","tag-teheran-desmiente-envio-a-yemen-de-barco-con-armas"],"_links":{"self":[{"href":"https:\/\/archive.sana.sy\/es\/index.php?rest_route=\/wp\/v2\/posts\/30853"}],"collection":[{"href":"https:\/\/archive.sana.sy\/es\/index.php?rest_route=\/wp\/v2\/posts"}],"about":[{"href":"https:\/\/archive.sana.sy\/es\/index.php?rest_route=\/wp\/v2\/types\/post"}],"author":[{"embeddable":true,"href":"https:\/\/archive.sana.sy\/es\/index.php?rest_route=\/wp\/v2\/users\/1"}],"replies":[{"embeddable":true,"href":"https:\/\/archive.sana.sy\/es\/index.php?rest_route=%2Fwp%2Fv2%2Fcomments&post=30853"}],"version-history":[{"count":0,"href":"https:\/\/archive.sana.sy\/es\/index.php?rest_route=\/wp\/v2\/posts\/30853\/revisions"}],"wp:featuredmedia":[{"embeddable":true,"href":"https:\/\/archive.sana.sy\/es\/index.php?rest_route=\/wp\/v2\/media\/23042"}],"wp:attachment":[{"href":"https:\/\/archive.sana.sy\/es\/index.php?rest_route=%2Fwp%2Fv2%2Fmedia&parent=30853"}],"wp:term":[{"taxonomy":"category","embeddable":true,"href":"https:\/\/archive.sana.sy\/es\/index.php?rest_route=%2Fwp%2Fv2%2Fcategories&post=30853"},{"taxonomy":"post_tag","embeddable":true,"href":"https:\/\/archive.sana.sy\/es\/index.php?rest_route=%2Fwp%2Fv2%2Ftags&post=30853"}],"curies":[{"name":"wp","href":"https:\/\/api.w.org\/{rel}","templated":true}]}}