{"id":308567,"date":"2023-09-13T15:11:45","date_gmt":"2023-09-13T12:11:45","guid":{"rendered":"http:\/\/sana.sy\/es\/?p=308567"},"modified":"2023-09-13T15:11:45","modified_gmt":"2023-09-13T12:11:45","slug":"el-numero-de-muertos-por-la-tormenta-daniel-en-libia-asciende-a-mas-de-5-300-personas","status":"publish","type":"post","link":"https:\/\/archive.sana.sy\/es\/?p=308567","title":{"rendered":"El n\u00famero de muertos por la tormenta Daniel en Libia asciende a m\u00e1s de 5.300 personas"},"content":{"rendered":"<blockquote>\n<p style=\"text-align: justify;\"><span style=\"color: #993300;\">El responsable de prensa del Ministerio del Interior, Muhammad Abu Lamoucha, declar\u00f3 que \u201chay miles de personas desaparecidas como resultado del desastre, y contin\u00faan las operaciones de b\u00fasqueda de los desaparecidos y de rescate a los varados y afectados\u201d.<\/span><\/p>\n<\/blockquote>\n<p style=\"text-align: justify;\"><span style=\"color: #800000;\"><strong>Tr\u00edpoli, 13 sep (SANA)<\/strong> <\/span>El Ministerio del Interior libio anunci\u00f3 hoy que el n\u00famero de muertos por los torrentes e inundaciones que arrasaron la ciudad libia de Derna debido a la tormenta \u201cDaniel\u201d, que azot\u00f3 el pa\u00eds el pasado domingo, ascendi\u00f3 hasta el momento a 5.300 muertos.<\/p>\n<p style=\"text-align: justify;\">El responsable de prensa del Ministerio, Muhammad Abu Lamoucha, declar\u00f3 que \u201chay miles de personas desaparecidas como resultado del desastre, y contin\u00faan las operaciones de b\u00fasqueda de los desaparecidos y de rescate a los varados y afectados\u201d.<\/p>\n<p style=\"text-align: justify;\">Pidi\u00f3 una intervenci\u00f3n internacional para ayudar en los esfuerzos de rescate y proteger a los afectados por las inundaciones sin precedentes.<\/p>\n<p style=\"text-align: justify;\">\u00e7El domingo pasado, una tormenta mediterr\u00e1nea azot\u00f3 el este de Libia, especialmente la costa de Jabal Akhdar, y el Consejo Presidencial de Libia declar\u00f3 a Derna, Shahat y Al-Bayda en Cirenaica, zonas de desastre.<\/p>\n<p style=\"text-align: justify;\">\nfm\/as<\/p>\n","protected":false},"excerpt":{"rendered":"<p>El responsable de prensa del Ministerio del Interior, Muhammad Abu Lamoucha, declar\u00f3 que \u201chay miles de personas desaparecidas como resultado del desastre, y contin\u00faan las operaciones de b\u00fasqueda de los desaparecidos y de rescate a los varados y afectados\u201d. Tr\u00edpoli, 13 sep (SANA) El Ministerio del Interior libio anunci\u00f3 hoy que el n\u00famero de muertos &hellip;<\/p>\n","protected":false},"author":42,"featured_media":308568,"comment_status":"closed","ping_status":"closed","sticky":false,"template":"","format":"standard","meta":{"footnotes":""},"categories":[597,456,16687,20724,7541],"tags":[],"class_list":["post-308567","post","type-post","status-publish","format-standard","has-post-thumbnail","","category-cinta-de-noticias","category-arabe-internacional-politica","category-internacionales","category-minuto-a-minuto","category-ultimas-noticias"],"_links":{"self":[{"href":"https:\/\/archive.sana.sy\/es\/index.php?rest_route=\/wp\/v2\/posts\/308567"}],"collection":[{"href":"https:\/\/archive.sana.sy\/es\/index.php?rest_route=\/wp\/v2\/posts"}],"about":[{"href":"https:\/\/archive.sana.sy\/es\/index.php?rest_route=\/wp\/v2\/types\/post"}],"author":[{"embeddable":true,"href":"https:\/\/archive.sana.sy\/es\/index.php?rest_route=\/wp\/v2\/users\/42"}],"replies":[{"embeddable":true,"href":"https:\/\/archive.sana.sy\/es\/index.php?rest_route=%2Fwp%2Fv2%2Fcomments&post=308567"}],"version-history":[{"count":1,"href":"https:\/\/archive.sana.sy\/es\/index.php?rest_route=\/wp\/v2\/posts\/308567\/revisions"}],"predecessor-version":[{"id":308569,"href":"https:\/\/archive.sana.sy\/es\/index.php?rest_route=\/wp\/v2\/posts\/308567\/revisions\/308569"}],"wp:featuredmedia":[{"embeddable":true,"href":"https:\/\/archive.sana.sy\/es\/index.php?rest_route=\/wp\/v2\/media\/308568"}],"wp:attachment":[{"href":"https:\/\/archive.sana.sy\/es\/index.php?rest_route=%2Fwp%2Fv2%2Fmedia&parent=308567"}],"wp:term":[{"taxonomy":"category","embeddable":true,"href":"https:\/\/archive.sana.sy\/es\/index.php?rest_route=%2Fwp%2Fv2%2Fcategories&post=308567"},{"taxonomy":"post_tag","embeddable":true,"href":"https:\/\/archive.sana.sy\/es\/index.php?rest_route=%2Fwp%2Fv2%2Ftags&post=308567"}],"curies":[{"name":"wp","href":"https:\/\/api.w.org\/{rel}","templated":true}]}}