{"id":30857,"date":"2015-09-30T22:57:03","date_gmt":"2015-09-30T19:57:03","guid":{"rendered":"http:\/\/sana.sy\/es\/?p=30857"},"modified":"2015-09-30T22:57:03","modified_gmt":"2015-09-30T19:57:03","slug":"ejercito-yemeni-destruye-varios-tanques-saudies","status":"publish","type":"post","link":"https:\/\/archive.sana.sy\/es\/?p=30857","title":{"rendered":"Ej\u00e9rcito yemen\u00ed destruye varios tanques saud\u00edes"},"content":{"rendered":"<p style=\"text-align: justify\"><span style=\"color: #800000\">San\u00e1, SANA<\/span>&#8211; Las fuerzas yemen\u00edes han destruido varios tanques y veh\u00edculos blindados del r\u00e9gimen saud\u00ed y sus aliados en la provincia de Marib, en el centro de Yemen.<\/p>\n<p style=\"text-align: justify\">La televisi\u00f3n estatal yemen\u00ed Almasirah ha informado este mi\u00e9rcoles de que el Ej\u00e9rcito yemen\u00ed, apoyado por los combatientes del movimiento popular, ha destruido 3 coches blindados emirat\u00edes y otro saud\u00ed. Adem\u00e1s, ha logrado acabar, durante sus operaciones en Marib, con la vida de un gran n\u00famero de soldados del r\u00e9gimen saud\u00ed y de las fuerzas fieles al presidente fugitivo yemen\u00ed Abdu Rabu Mansur Had.<\/p>\n<p style=\"text-align: justify\">Por su parte, en la misma jornada del mi\u00e9rcoles, el movimiento Ansarol\u00e1 ha asegurado que las fuerzas yemen\u00edes liberar\u00e1n pronto las tierras yemen\u00edes que el r\u00e9gimen saud\u00ed ocupa desde hace d\u00e9cadas.<\/p>\n<p style=\"text-align: justify\">Tambi\u00e9n se ha referido el movimiento popular yemen\u00ed al brutal ataque a\u00e9reo perpetrado por los aviones saud\u00edes contra una boda en la provincia yemen\u00ed de Taiz (suroeste), en el que perdieron la vida 131 civiles, en su mayor\u00eda mujeres y ni\u00f1os.<\/p>\n<p style=\"text-align: justify\">\u201cLos cr\u00edmenes que est\u00e1 perpetrando desde hace seis meses el r\u00e9gimen saud\u00ed contra el pueblo yemen\u00ed han superado todas las expectativas y casos an\u00e1logos de actos delictivos registrados en nuestra era\u201d, reza el texto.<\/p>\n<p style=\"text-align: justify\">Es de se\u00f1alar que la atrocidad saud\u00ed ha sido condenada por el secretario general de las Naciones Unidas, Ban Ki-moon, quien ha recordado que cualquier ataque intencionado a civiles viola la legislaci\u00f3n internacional y debe ser investigado.<\/p>\n<p>M.Miri<\/p>\n","protected":false},"excerpt":{"rendered":"<p>San\u00e1, SANA&#8211; Las fuerzas yemen\u00edes han destruido varios tanques y veh\u00edculos blindados del r\u00e9gimen saud\u00ed y sus aliados en la provincia de Marib, en el centro de Yemen. La televisi\u00f3n estatal yemen\u00ed Almasirah ha informado este mi\u00e9rcoles de que el Ej\u00e9rcito yemen\u00ed, apoyado por los combatientes del movimiento popular, ha destruido 3 coches blindados emirat\u00edes &hellip;<\/p>\n","protected":false},"author":1,"featured_media":30858,"comment_status":"closed","ping_status":"closed","sticky":false,"template":"","format":"standard","meta":{"footnotes":""},"categories":[456,457,576],"tags":[6847],"class_list":["post-30857","post","type-post","status-publish","format-standard","has-post-thumbnail","","category-arabe-internacional-politica","category-noticias-arabe-internacional-politica","category-noticias-politicas","tag-ejercito-yemeni-destruye-varios-tanques-saudies"],"_links":{"self":[{"href":"https:\/\/archive.sana.sy\/es\/index.php?rest_route=\/wp\/v2\/posts\/30857"}],"collection":[{"href":"https:\/\/archive.sana.sy\/es\/index.php?rest_route=\/wp\/v2\/posts"}],"about":[{"href":"https:\/\/archive.sana.sy\/es\/index.php?rest_route=\/wp\/v2\/types\/post"}],"author":[{"embeddable":true,"href":"https:\/\/archive.sana.sy\/es\/index.php?rest_route=\/wp\/v2\/users\/1"}],"replies":[{"embeddable":true,"href":"https:\/\/archive.sana.sy\/es\/index.php?rest_route=%2Fwp%2Fv2%2Fcomments&post=30857"}],"version-history":[{"count":0,"href":"https:\/\/archive.sana.sy\/es\/index.php?rest_route=\/wp\/v2\/posts\/30857\/revisions"}],"wp:featuredmedia":[{"embeddable":true,"href":"https:\/\/archive.sana.sy\/es\/index.php?rest_route=\/wp\/v2\/media\/30858"}],"wp:attachment":[{"href":"https:\/\/archive.sana.sy\/es\/index.php?rest_route=%2Fwp%2Fv2%2Fmedia&parent=30857"}],"wp:term":[{"taxonomy":"category","embeddable":true,"href":"https:\/\/archive.sana.sy\/es\/index.php?rest_route=%2Fwp%2Fv2%2Fcategories&post=30857"},{"taxonomy":"post_tag","embeddable":true,"href":"https:\/\/archive.sana.sy\/es\/index.php?rest_route=%2Fwp%2Fv2%2Ftags&post=30857"}],"curies":[{"name":"wp","href":"https:\/\/api.w.org\/{rel}","templated":true}]}}