{"id":308583,"date":"2023-09-13T16:36:41","date_gmt":"2023-09-13T13:36:41","guid":{"rendered":"http:\/\/sana.sy\/es\/?p=308583"},"modified":"2023-09-13T16:36:41","modified_gmt":"2023-09-13T13:36:41","slug":"putin-califica-de-franco-intercambio-con-kim-jong-un","status":"publish","type":"post","link":"https:\/\/archive.sana.sy\/es\/?p=308583","title":{"rendered":"Putin califica de franco intercambio con Kim Jong Un"},"content":{"rendered":"<p style=\"text-align: justify;\"><span style=\"color: #800000;\"><strong>Mosc\u00fa, 13 sep (SANA)<\/strong> <\/span>El presidente de Rusia, Vladimir Putin, calific\u00f3 hoy de sincero el di\u00e1logo sostenido con el l\u00edder de la Rep\u00fablica Popular Democr\u00e1tica de Corea (RPDC), Kim Jong Un, en el cosm\u00f3dromo Vostochni en el Lejano Oriente ruso.<\/p>\n<p style=\"text-align: justify;\">\u00abFue un buen comienzo. Muy productivo. Hubo un intercambio de opiniones muy franco sobre la situaci\u00f3n en la regi\u00f3n, sobre las relaciones bilaterales\u00bb, dijo Putin en declaraciones al canal de televisi\u00f3n Rossiya 1.<\/p>\n<p style=\"text-align: justify;\">El mandatario se\u00f1al\u00f3 que el l\u00edder de la RPDC \u00abtiene un gran programa por delante\u00bb pues tiene planeado volar a la ciudad rusa de Komsomolsk del Amur para visitar \u00ablas f\u00e1bricas donde se produce equipo de aviaci\u00f3n, tanto civil como militar\u00bb.<\/p>\n<p style=\"text-align: justify;\">Kim Jong Un, que lleg\u00f3 a Rusia en tren acompa\u00f1ado de su ministra de Exteriores, Choe Song Hui, entre otros, visita este pa\u00eds por primera vez desde 2019.<\/p>\n<p style=\"text-align: justify;\">fm\/as<\/p>\n","protected":false},"excerpt":{"rendered":"<p>Mosc\u00fa, 13 sep (SANA) El presidente de Rusia, Vladimir Putin, calific\u00f3 hoy de sincero el di\u00e1logo sostenido con el l\u00edder de la Rep\u00fablica Popular Democr\u00e1tica de Corea (RPDC), Kim Jong Un, en el cosm\u00f3dromo Vostochni en el Lejano Oriente ruso. \u00abFue un buen comienzo. Muy productivo. Hubo un intercambio de opiniones muy franco sobre la &hellip;<\/p>\n","protected":false},"author":42,"featured_media":308584,"comment_status":"closed","ping_status":"closed","sticky":false,"template":"","format":"standard","meta":{"footnotes":""},"categories":[597,456,16687,20724,7541],"tags":[],"class_list":["post-308583","post","type-post","status-publish","format-standard","has-post-thumbnail","","category-cinta-de-noticias","category-arabe-internacional-politica","category-internacionales","category-minuto-a-minuto","category-ultimas-noticias"],"_links":{"self":[{"href":"https:\/\/archive.sana.sy\/es\/index.php?rest_route=\/wp\/v2\/posts\/308583"}],"collection":[{"href":"https:\/\/archive.sana.sy\/es\/index.php?rest_route=\/wp\/v2\/posts"}],"about":[{"href":"https:\/\/archive.sana.sy\/es\/index.php?rest_route=\/wp\/v2\/types\/post"}],"author":[{"embeddable":true,"href":"https:\/\/archive.sana.sy\/es\/index.php?rest_route=\/wp\/v2\/users\/42"}],"replies":[{"embeddable":true,"href":"https:\/\/archive.sana.sy\/es\/index.php?rest_route=%2Fwp%2Fv2%2Fcomments&post=308583"}],"version-history":[{"count":1,"href":"https:\/\/archive.sana.sy\/es\/index.php?rest_route=\/wp\/v2\/posts\/308583\/revisions"}],"predecessor-version":[{"id":308585,"href":"https:\/\/archive.sana.sy\/es\/index.php?rest_route=\/wp\/v2\/posts\/308583\/revisions\/308585"}],"wp:featuredmedia":[{"embeddable":true,"href":"https:\/\/archive.sana.sy\/es\/index.php?rest_route=\/wp\/v2\/media\/308584"}],"wp:attachment":[{"href":"https:\/\/archive.sana.sy\/es\/index.php?rest_route=%2Fwp%2Fv2%2Fmedia&parent=308583"}],"wp:term":[{"taxonomy":"category","embeddable":true,"href":"https:\/\/archive.sana.sy\/es\/index.php?rest_route=%2Fwp%2Fv2%2Fcategories&post=308583"},{"taxonomy":"post_tag","embeddable":true,"href":"https:\/\/archive.sana.sy\/es\/index.php?rest_route=%2Fwp%2Fv2%2Ftags&post=308583"}],"curies":[{"name":"wp","href":"https:\/\/api.w.org\/{rel}","templated":true}]}}