{"id":308586,"date":"2023-09-13T17:33:07","date_gmt":"2023-09-13T14:33:07","guid":{"rendered":"http:\/\/sana.sy\/es\/?p=308586"},"modified":"2023-09-13T17:33:50","modified_gmt":"2023-09-13T14:33:50","slug":"308586","status":"publish","type":"post","link":"https:\/\/archive.sana.sy\/es\/?p=308586","title":{"rendered":"Siria tiene sus puertas abiertas para el regreso de todos los refugiados, afirma Canciller sirio a su hom\u00f3logo liban\u00e9s"},"content":{"rendered":"<blockquote>\n<p style=\"text-align: justify\"><span style=\"color: #993300\">Bou Habib indic\u00f3 que encabezar\u00eda una delegaci\u00f3n oficial libanesa a Siria en un breve per\u00edodo para discutir la cuesti\u00f3n de los refugiados sirios, y expres\u00f3 el inter\u00e9s del gobierno de su pa\u00eds por coordinar y cooperar con Siria en este contexto.<\/span><\/p>\n<\/blockquote>\n<p style=\"text-align: justify\"><strong><span style=\"color: #800000\">Damasco, 13 sep (SANA)<\/span> <\/strong>Siria da la bienvenida al regreso de todos los refugiados a su patria y ofrece todas las facilidades necesarias en este sentido, afirm\u00f3 hoy el ministro de Asuntos Exteriores y Expatriados, Faisal Al-Mekdad.<\/p>\n<p style=\"text-align: justify\">Esta postura del jefe de la diplomacia siria fue expresada durante una conversaciones telef\u00f3nica con su hom\u00f3logo liban\u00e9s Abdullah Bou Habib.<\/p>\n<p style=\"text-align: justify\">&#8220;Nuestras relaciones son fraternales e hist\u00f3ricas y el da\u00f1o que sufre uno afecta al otro&#8221;, dijo el Canciller sirio.<\/p>\n<p style=\"text-align: justify\">Asegur\u00f3 que lo que obstaculiza el regreso de desplazados son los efectos resultantes de la ocupaci\u00f3n turca y estadounidense del noroeste y noreste de Siria y el saqueo de las riquezas de los sirios.<\/p>\n<p style=\"text-align: justify\">El impacto desastroso de las medidas coercitivas econ\u00f3micas ilegales aplicadas por pa\u00edses occidentales hostiles contra el L\u00edbano y Siria tambi\u00e9n obstruyen el retorno de los refugiados a su pa\u00eds de origen, detall\u00f3 el Titular .<\/p>\n<p style=\"text-align: justify\">Por su parte, Bou Habib indic\u00f3 que encabezar\u00eda una delegaci\u00f3n oficial libanesa a Siria en un breve per\u00edodo para discutir la cuesti\u00f3n de los refugiados sirios, y expres\u00f3 el inter\u00e9s del gobierno de su pa\u00eds por coordinar y cooperar con Siria en este contexto.<\/p>\n<p>&nbsp;<\/p>\n<p style=\"text-align: justify\">fm\/la<\/p>\n","protected":false},"excerpt":{"rendered":"<p>Bou Habib indic\u00f3 que encabezar\u00eda una delegaci\u00f3n oficial libanesa a Siria en un breve per\u00edodo para discutir la cuesti\u00f3n de los refugiados sirios, y expres\u00f3 el inter\u00e9s del gobierno de su pa\u00eds por coordinar y cooperar con Siria en este contexto. Damasco, 13 sep (SANA) Siria da la bienvenida al regreso de todos los refugiados &hellip;<\/p>\n","protected":false},"author":24,"featured_media":308587,"comment_status":"closed","ping_status":"closed","sticky":false,"template":"","format":"standard","meta":{"footnotes":""},"categories":[447,597,20724,448,467,583],"tags":[21106,22367,8747,6553],"class_list":["post-308586","post","type-post","status-publish","format-standard","has-post-thumbnail","","category-local-politica","category-cinta-de-noticias","category-minuto-a-minuto","category-noticias","category-siria-y-el-mundo","category-slide","tag-al-mekdad","tag-bou-habib","tag-el-libano","tag-siria"],"_links":{"self":[{"href":"https:\/\/archive.sana.sy\/es\/index.php?rest_route=\/wp\/v2\/posts\/308586"}],"collection":[{"href":"https:\/\/archive.sana.sy\/es\/index.php?rest_route=\/wp\/v2\/posts"}],"about":[{"href":"https:\/\/archive.sana.sy\/es\/index.php?rest_route=\/wp\/v2\/types\/post"}],"author":[{"embeddable":true,"href":"https:\/\/archive.sana.sy\/es\/index.php?rest_route=\/wp\/v2\/users\/24"}],"replies":[{"embeddable":true,"href":"https:\/\/archive.sana.sy\/es\/index.php?rest_route=%2Fwp%2Fv2%2Fcomments&post=308586"}],"version-history":[{"count":3,"href":"https:\/\/archive.sana.sy\/es\/index.php?rest_route=\/wp\/v2\/posts\/308586\/revisions"}],"predecessor-version":[{"id":308590,"href":"https:\/\/archive.sana.sy\/es\/index.php?rest_route=\/wp\/v2\/posts\/308586\/revisions\/308590"}],"wp:featuredmedia":[{"embeddable":true,"href":"https:\/\/archive.sana.sy\/es\/index.php?rest_route=\/wp\/v2\/media\/308587"}],"wp:attachment":[{"href":"https:\/\/archive.sana.sy\/es\/index.php?rest_route=%2Fwp%2Fv2%2Fmedia&parent=308586"}],"wp:term":[{"taxonomy":"category","embeddable":true,"href":"https:\/\/archive.sana.sy\/es\/index.php?rest_route=%2Fwp%2Fv2%2Fcategories&post=308586"},{"taxonomy":"post_tag","embeddable":true,"href":"https:\/\/archive.sana.sy\/es\/index.php?rest_route=%2Fwp%2Fv2%2Ftags&post=308586"}],"curies":[{"name":"wp","href":"https:\/\/api.w.org\/{rel}","templated":true}]}}