{"id":308595,"date":"2023-09-13T18:09:06","date_gmt":"2023-09-13T15:09:06","guid":{"rendered":"http:\/\/sana.sy\/es\/?p=308595"},"modified":"2023-09-13T18:14:26","modified_gmt":"2023-09-13T15:14:26","slug":"moscu-proclamar-la-otan-como-una-alianza-nuclear-es-una-escalada-de-una-situacion-ya-tensa","status":"publish","type":"post","link":"https:\/\/archive.sana.sy\/es\/?p=308595","title":{"rendered":"Mosc\u00fa: Proclamar la OTAN como una alianza nuclear es una escalada de una situaci\u00f3n ya tensa"},"content":{"rendered":"<p style=\"text-align: justify\"><span style=\"color: #800000\"><strong>Mosc\u00fa, 13 sep (SANA)<\/strong><\/span> La Canciller\u00eda rusa tild\u00f3 las declaraciones de Washington en las que se refiere a la OTAN \u00a0como una alianza nuclear de \u201cuna escalada\u201d.<\/p>\n<p style=\"text-align: justify\">&#8220;Pensamos que estas declaraciones de EE.UU. donde se proclama una alianza nuclear, es decir la OTAN, son muy peligrosas. Creemos que este juego de palabras s\u00f3lo aumenta los peligros y promueve la escalada de una situaci\u00f3n ya tensa&#8221;, asever\u00f3 la vocera, Mar\u00eda Zaj\u00e1rova, durante una sesi\u00f3n informativa en el marco del 8\u00ba Foro Econ\u00f3mico Oriental (EEF por sus siglas en ingl\u00e9s).<\/p>\n<p style=\"text-align: justify\">Se\u00f1al\u00f3 que Mosc\u00fa eval\u00faa que estas declaraciones\u00a0 y acciones que se hacen repetidamente por pa\u00edses occidentales en el \u00e1mbito nuclear no se pueden ver como algo m\u00e1s que \u201cincitaci\u00f3n o amenaza&#8221;.<\/p>\n<p style=\"text-align: justify\">la<\/p>\n","protected":false},"excerpt":{"rendered":"<p>Mosc\u00fa, 13 sep (SANA) La Canciller\u00eda rusa tild\u00f3 las declaraciones de Washington en las que se refiere a la OTAN \u00a0como una alianza nuclear de \u201cuna escalada\u201d. &#8220;Pensamos que estas declaraciones de EE.UU. donde se proclama una alianza nuclear, es decir la OTAN, son muy peligrosas. Creemos que este juego de palabras s\u00f3lo aumenta los &hellip;<\/p>\n","protected":false},"author":24,"featured_media":308596,"comment_status":"closed","ping_status":"closed","sticky":false,"template":"","format":"standard","meta":{"footnotes":""},"categories":[597,456,16687,20724],"tags":[22368,10572,19811,9117],"class_list":["post-308595","post","type-post","status-publish","format-standard","has-post-thumbnail","","category-cinta-de-noticias","category-arabe-internacional-politica","category-internacionales","category-minuto-a-minuto","tag-alianza-nuclear","tag-cancilleria-rusa","tag-otan","tag-zajarova"],"_links":{"self":[{"href":"https:\/\/archive.sana.sy\/es\/index.php?rest_route=\/wp\/v2\/posts\/308595"}],"collection":[{"href":"https:\/\/archive.sana.sy\/es\/index.php?rest_route=\/wp\/v2\/posts"}],"about":[{"href":"https:\/\/archive.sana.sy\/es\/index.php?rest_route=\/wp\/v2\/types\/post"}],"author":[{"embeddable":true,"href":"https:\/\/archive.sana.sy\/es\/index.php?rest_route=\/wp\/v2\/users\/24"}],"replies":[{"embeddable":true,"href":"https:\/\/archive.sana.sy\/es\/index.php?rest_route=%2Fwp%2Fv2%2Fcomments&post=308595"}],"version-history":[{"count":3,"href":"https:\/\/archive.sana.sy\/es\/index.php?rest_route=\/wp\/v2\/posts\/308595\/revisions"}],"predecessor-version":[{"id":308599,"href":"https:\/\/archive.sana.sy\/es\/index.php?rest_route=\/wp\/v2\/posts\/308595\/revisions\/308599"}],"wp:featuredmedia":[{"embeddable":true,"href":"https:\/\/archive.sana.sy\/es\/index.php?rest_route=\/wp\/v2\/media\/308596"}],"wp:attachment":[{"href":"https:\/\/archive.sana.sy\/es\/index.php?rest_route=%2Fwp%2Fv2%2Fmedia&parent=308595"}],"wp:term":[{"taxonomy":"category","embeddable":true,"href":"https:\/\/archive.sana.sy\/es\/index.php?rest_route=%2Fwp%2Fv2%2Fcategories&post=308595"},{"taxonomy":"post_tag","embeddable":true,"href":"https:\/\/archive.sana.sy\/es\/index.php?rest_route=%2Fwp%2Fv2%2Ftags&post=308595"}],"curies":[{"name":"wp","href":"https:\/\/api.w.org\/{rel}","templated":true}]}}