{"id":308600,"date":"2023-09-13T18:55:32","date_gmt":"2023-09-13T15:55:32","guid":{"rendered":"http:\/\/sana.sy\/es\/?p=308600"},"modified":"2023-09-13T18:55:32","modified_gmt":"2023-09-13T15:55:32","slug":"la-cooperacion-entre-moscu-y-pyongyang-no-esta-dirigida-contra-ningun-pais","status":"publish","type":"post","link":"https:\/\/archive.sana.sy\/es\/?p=308600","title":{"rendered":"La cooperaci\u00f3n entre Mosc\u00fa y Pyongyang no est\u00e1 dirigida contra ning\u00fan pa\u00eds"},"content":{"rendered":"<p style=\"text-align: justify\"><span style=\"color: #800000\"><strong>Mosc\u00fa, 13 sep (SANA)<\/strong> <\/span>El portavoz del Kremlin, Dmitry Peskov, afirm\u00f3 que la cooperaci\u00f3n entre Rusia y Corea del Norte no est\u00e1 dirigida contra ning\u00fan pa\u00eds, seg\u00fan cit\u00f3 la agencia Tass al funcionario ruso.<\/p>\n<p style=\"text-align: justify\">&#8220;La verdad es, en primer lugar, que Corea del Norte es nuestro vecino m\u00e1s cercano. A pesar de cualquier comentario y grito perentorio del exterior, construiremos relaciones de tal manera que nos beneficien a nosotros y a nuestros vecinos\u201d, coment\u00f3 el vocero de la Presidencia rusa en declaraciones al canal de televisi\u00f3n Rossiya-1.<\/p>\n<p style=\"text-align: justify\">Destac\u00f3 que Mosc\u00fa y Pyongyang fortalecer\u00e1n sus relaciones sobre la base de los intereses comunes y la cooperaci\u00f3n bilateral no deber\u00edan ser motivo de preocupaci\u00f3n para terceros pa\u00edses.<\/p>\n<p>&nbsp;<\/p>\n<p>la<\/p>\n","protected":false},"excerpt":{"rendered":"<p>Mosc\u00fa, 13 sep (SANA) El portavoz del Kremlin, Dmitry Peskov, afirm\u00f3 que la cooperaci\u00f3n entre Rusia y Corea del Norte no est\u00e1 dirigida contra ning\u00fan pa\u00eds, seg\u00fan cit\u00f3 la agencia Tass al funcionario ruso. &#8220;La verdad es, en primer lugar, que Corea del Norte es nuestro vecino m\u00e1s cercano. A pesar de cualquier comentario y &hellip;<\/p>\n","protected":false},"author":24,"featured_media":155155,"comment_status":"closed","ping_status":"closed","sticky":false,"template":"","format":"standard","meta":{"footnotes":""},"categories":[597,456,16687,20724],"tags":[20751,6695],"class_list":["post-308600","post","type-post","status-publish","format-standard","has-post-thumbnail","","category-cinta-de-noticias","category-arabe-internacional-politica","category-internacionales","category-minuto-a-minuto","tag-corea-del-norte","tag-rusia"],"_links":{"self":[{"href":"https:\/\/archive.sana.sy\/es\/index.php?rest_route=\/wp\/v2\/posts\/308600"}],"collection":[{"href":"https:\/\/archive.sana.sy\/es\/index.php?rest_route=\/wp\/v2\/posts"}],"about":[{"href":"https:\/\/archive.sana.sy\/es\/index.php?rest_route=\/wp\/v2\/types\/post"}],"author":[{"embeddable":true,"href":"https:\/\/archive.sana.sy\/es\/index.php?rest_route=\/wp\/v2\/users\/24"}],"replies":[{"embeddable":true,"href":"https:\/\/archive.sana.sy\/es\/index.php?rest_route=%2Fwp%2Fv2%2Fcomments&post=308600"}],"version-history":[{"count":1,"href":"https:\/\/archive.sana.sy\/es\/index.php?rest_route=\/wp\/v2\/posts\/308600\/revisions"}],"predecessor-version":[{"id":308601,"href":"https:\/\/archive.sana.sy\/es\/index.php?rest_route=\/wp\/v2\/posts\/308600\/revisions\/308601"}],"wp:featuredmedia":[{"embeddable":true,"href":"https:\/\/archive.sana.sy\/es\/index.php?rest_route=\/wp\/v2\/media\/155155"}],"wp:attachment":[{"href":"https:\/\/archive.sana.sy\/es\/index.php?rest_route=%2Fwp%2Fv2%2Fmedia&parent=308600"}],"wp:term":[{"taxonomy":"category","embeddable":true,"href":"https:\/\/archive.sana.sy\/es\/index.php?rest_route=%2Fwp%2Fv2%2Fcategories&post=308600"},{"taxonomy":"post_tag","embeddable":true,"href":"https:\/\/archive.sana.sy\/es\/index.php?rest_route=%2Fwp%2Fv2%2Ftags&post=308600"}],"curies":[{"name":"wp","href":"https:\/\/api.w.org\/{rel}","templated":true}]}}