{"id":308603,"date":"2023-09-13T19:42:56","date_gmt":"2023-09-13T16:42:56","guid":{"rendered":"http:\/\/sana.sy\/es\/?p=308603"},"modified":"2023-09-14T06:47:43","modified_gmt":"2023-09-14T03:47:43","slug":"siria-agresion-israeli-mata-a-dos-solados-e-hiere-a-otros-6-en-tartous","status":"publish","type":"post","link":"https:\/\/archive.sana.sy\/es\/?p=308603","title":{"rendered":"Siria: agresi\u00f3n israel\u00ed mata a dos solados e hiere a otros 6 en Tartous"},"content":{"rendered":"<p style=\"text-align: justify;\"><span style=\"color: #800000;\"><strong>Damasco, 13 sep (SANA)<\/strong><\/span> El Ministerio de Defensa Sirio inform\u00f3 esta tarde del mi\u00e9rcoles el enemigo israel\u00ed llev\u00f3 a cabo desde el Mar Mediterr\u00e1neo una agresion con misiles contra varios objetivos en el campo de la provincia costera de Tartous.<\/p>\n<p style=\"text-align: justify;\">\u201cA las 17:22 de esta tarde, el enemigo israel\u00ed llev\u00f3 a cabo una agresi\u00f3n con r\u00e1fagas de misiles desde el Mar Mediterr\u00e1neo, apuntando a algunos de nuestros sitios de defensa a\u00e9rea en Tartous\u201d, detall\u00f3 la fuente a SANA.<\/p>\n<p style=\"text-align: justify;\">Como resultado de la agresi\u00f3n dos soldados fueron m\u00e1rtires y otros 6 resultaron heridos, adem\u00e1s se registraron da\u00f1os materiales.<\/p>\n<p style=\"text-align: justify;\">El pasado agosto, el Ministerio de Defensa de Siria anunci\u00f3 que el Aeropuerto Internacional en la provincia de Alepo, en el norte del pa\u00eds, qued\u00f3 fuera de servicio por un agresi\u00f3n israel\u00ed con misiles.<\/p>\n<p>mm<\/p>\n","protected":false},"excerpt":{"rendered":"<p>Damasco, 13 sep (SANA) El Ministerio de Defensa Sirio inform\u00f3 esta tarde del mi\u00e9rcoles el enemigo israel\u00ed llev\u00f3 a cabo desde el Mar Mediterr\u00e1neo una agresion con misiles contra varios objetivos en el campo de la provincia costera de Tartous. \u201cA las 17:22 de esta tarde, el enemigo israel\u00ed llev\u00f3 a cabo una agresi\u00f3n con &hellip;<\/p>\n","protected":false},"author":36,"featured_media":308604,"comment_status":"closed","ping_status":"closed","sticky":false,"template":"","format":"standard","meta":{"footnotes":""},"categories":[477,447,597,573,20724,476,7541],"tags":[20697],"class_list":["post-308603","post","type-post","status-publish","format-standard","has-post-thumbnail","","category-noticias-edulcorantes","category-local-politica","category-cinta-de-noticias","category-la-realidad-de-los-acontecimientos-en-siria","category-minuto-a-minuto","category-locales","category-ultimas-noticias","tag-agresion-israeli"],"_links":{"self":[{"href":"https:\/\/archive.sana.sy\/es\/index.php?rest_route=\/wp\/v2\/posts\/308603"}],"collection":[{"href":"https:\/\/archive.sana.sy\/es\/index.php?rest_route=\/wp\/v2\/posts"}],"about":[{"href":"https:\/\/archive.sana.sy\/es\/index.php?rest_route=\/wp\/v2\/types\/post"}],"author":[{"embeddable":true,"href":"https:\/\/archive.sana.sy\/es\/index.php?rest_route=\/wp\/v2\/users\/36"}],"replies":[{"embeddable":true,"href":"https:\/\/archive.sana.sy\/es\/index.php?rest_route=%2Fwp%2Fv2%2Fcomments&post=308603"}],"version-history":[{"count":1,"href":"https:\/\/archive.sana.sy\/es\/index.php?rest_route=\/wp\/v2\/posts\/308603\/revisions"}],"predecessor-version":[{"id":308605,"href":"https:\/\/archive.sana.sy\/es\/index.php?rest_route=\/wp\/v2\/posts\/308603\/revisions\/308605"}],"wp:featuredmedia":[{"embeddable":true,"href":"https:\/\/archive.sana.sy\/es\/index.php?rest_route=\/wp\/v2\/media\/308604"}],"wp:attachment":[{"href":"https:\/\/archive.sana.sy\/es\/index.php?rest_route=%2Fwp%2Fv2%2Fmedia&parent=308603"}],"wp:term":[{"taxonomy":"category","embeddable":true,"href":"https:\/\/archive.sana.sy\/es\/index.php?rest_route=%2Fwp%2Fv2%2Fcategories&post=308603"},{"taxonomy":"post_tag","embeddable":true,"href":"https:\/\/archive.sana.sy\/es\/index.php?rest_route=%2Fwp%2Fv2%2Ftags&post=308603"}],"curies":[{"name":"wp","href":"https:\/\/api.w.org\/{rel}","templated":true}]}}