{"id":308606,"date":"2023-09-13T20:22:32","date_gmt":"2023-09-13T17:22:32","guid":{"rendered":"http:\/\/sana.sy\/es\/?p=308606"},"modified":"2023-09-13T20:25:00","modified_gmt":"2023-09-13T17:25:00","slug":"siria-gana-una-medalla-de-oro-en-los-juegos-mediterraneos-de-playa-2023-en-grecia","status":"publish","type":"post","link":"https:\/\/archive.sana.sy\/es\/?p=308606","title":{"rendered":"Siria gana una medalla de oro en los Juegos Mediterr\u00e1neos de Playa 2023 en Grecia"},"content":{"rendered":"<p style=\"text-align: justify;\"><span style=\"color: #800000;\"><strong>Atenas, 13 sep (SANA)\u00a0 <\/strong><\/span>El atleta sirio de lucha, Omar Sarem, gan\u00f3 una medalla de oro en los Juegos Mediterr\u00e1neos de Playa 2023 se celebran actualmente en la ciudad griega de Heraklion.<\/p>\n<p style=\"text-align: justify;\">El luchador sirio conquist\u00f3 su medalla tras vencer al campe\u00f3n de Italia por 1-3, al de Argelia por 2-0 y al de Grecia por 3-0, para liderar su grupo y derrotar, en los semifinales, al campe\u00f3n de Francia por 2-3.<\/p>\n<p style=\"text-align: justify;\">En el partido final el deportista sirio volvi\u00f3 a vencer al campe\u00f3n de Grecia 2-3.<\/p>\n<p style=\"text-align: justify;\">sm<\/p>\n","protected":false},"excerpt":{"rendered":"<p>Atenas, 13 sep (SANA)\u00a0 El atleta sirio de lucha, Omar Sarem, gan\u00f3 una medalla de oro en los Juegos Mediterr\u00e1neos de Playa 2023 se celebran actualmente en la ciudad griega de Heraklion. El luchador sirio conquist\u00f3 su medalla tras vencer al campe\u00f3n de Italia por 1-3, al de Argelia por 2-0 y al de Grecia &hellip;<\/p>\n","protected":false},"author":39,"featured_media":308607,"comment_status":"closed","ping_status":"closed","sticky":false,"template":"","format":"standard","meta":{"footnotes":""},"categories":[477,597,573,467,7541],"tags":[],"class_list":["post-308606","post","type-post","status-publish","format-standard","has-post-thumbnail","","category-noticias-edulcorantes","category-cinta-de-noticias","category-la-realidad-de-los-acontecimientos-en-siria","category-siria-y-el-mundo","category-ultimas-noticias"],"_links":{"self":[{"href":"https:\/\/archive.sana.sy\/es\/index.php?rest_route=\/wp\/v2\/posts\/308606"}],"collection":[{"href":"https:\/\/archive.sana.sy\/es\/index.php?rest_route=\/wp\/v2\/posts"}],"about":[{"href":"https:\/\/archive.sana.sy\/es\/index.php?rest_route=\/wp\/v2\/types\/post"}],"author":[{"embeddable":true,"href":"https:\/\/archive.sana.sy\/es\/index.php?rest_route=\/wp\/v2\/users\/39"}],"replies":[{"embeddable":true,"href":"https:\/\/archive.sana.sy\/es\/index.php?rest_route=%2Fwp%2Fv2%2Fcomments&post=308606"}],"version-history":[{"count":4,"href":"https:\/\/archive.sana.sy\/es\/index.php?rest_route=\/wp\/v2\/posts\/308606\/revisions"}],"predecessor-version":[{"id":308611,"href":"https:\/\/archive.sana.sy\/es\/index.php?rest_route=\/wp\/v2\/posts\/308606\/revisions\/308611"}],"wp:featuredmedia":[{"embeddable":true,"href":"https:\/\/archive.sana.sy\/es\/index.php?rest_route=\/wp\/v2\/media\/308607"}],"wp:attachment":[{"href":"https:\/\/archive.sana.sy\/es\/index.php?rest_route=%2Fwp%2Fv2%2Fmedia&parent=308606"}],"wp:term":[{"taxonomy":"category","embeddable":true,"href":"https:\/\/archive.sana.sy\/es\/index.php?rest_route=%2Fwp%2Fv2%2Fcategories&post=308606"},{"taxonomy":"post_tag","embeddable":true,"href":"https:\/\/archive.sana.sy\/es\/index.php?rest_route=%2Fwp%2Fv2%2Ftags&post=308606"}],"curies":[{"name":"wp","href":"https:\/\/api.w.org\/{rel}","templated":true}]}}