{"id":308627,"date":"2023-09-14T10:17:37","date_gmt":"2023-09-14T07:17:37","guid":{"rendered":"http:\/\/sana.sy\/es\/?p=308627"},"modified":"2023-09-14T10:17:37","modified_gmt":"2023-09-14T07:17:37","slug":"siria-y-cuba-abordan-cooperacion-en-materia-farmaceutica","status":"publish","type":"post","link":"https:\/\/archive.sana.sy\/es\/?p=308627","title":{"rendered":"Siria y Cuba abordan cooperaci\u00f3n en materia farmac\u00e9utica"},"content":{"rendered":"<blockquote>\n<p style=\"text-align: justify;\"><span style=\"color: #800000;\">Durante el encuentro celebrado en la capital cubana, ambas partes dialogaron sobre una serie de temas pendientes y obst\u00e1culos que enfrenta la cooperaci\u00f3n sanitaria, comercial y econ\u00f3mica, adem\u00e1s de asegurar la llegada de medicamentos y vacunas a Siria.<\/span><\/p>\n<\/blockquote>\n<p style=\"text-align: justify;\"><span style=\"color: #800000;\"><strong>La Habana, 14 sep (SANA)\u00a0<\/strong> <\/span>El jefe de la Autoridad de Planificaci\u00f3n y Cooperaci\u00f3n Internacional, Fady Salti Al-Khalil, repas\u00f3 con la vicepresidenta del Grupo Bio-Cuba-Pharma para Industrias Farmac\u00e9uticas en Cuba, Mayda Marui, las v\u00edas y perspectivas para fortalecer la cooperaci\u00f3n en el campo de la industria farmac\u00e9utica.<\/p>\n<p>Durante el encuentro celebrado en la capital cubana, ambas partes dialogaron sobre una serie de temas pendientes y obst\u00e1culos que enfrenta la cooperaci\u00f3n sanitaria, comercial y econ\u00f3mica, adem\u00e1s de asegurar la llegada de medicamentos y vacunas a Siria.<\/p>\n<p>Marui destac\u00f3 el deseo de su pa\u00eds de fortalecer las relaciones con Damasco y superar todos los obst\u00e1culos que se interponen en su desarrollo, especialmente las sanciones ilegales y el bloqueo estadounidense impuesto a Cuba y Siria.<\/p>\n<p style=\"text-align: justify;\">Al encuentro asistieron el embajador de Siria en Cuba, Ghassan Obaid, el agregado diplom\u00e1tico Ali Abbas, y por la parte cubana, David Rodr\u00edguez, director comercial de la Fundaci\u00f3n.<\/p>\n<p>ws\/fm<\/p>\n","protected":false},"excerpt":{"rendered":"<p>Durante el encuentro celebrado en la capital cubana, ambas partes dialogaron sobre una serie de temas pendientes y obst\u00e1culos que enfrenta la cooperaci\u00f3n sanitaria, comercial y econ\u00f3mica, adem\u00e1s de asegurar la llegada de medicamentos y vacunas a Siria. La Habana, 14 sep (SANA)\u00a0 El jefe de la Autoridad de Planificaci\u00f3n y Cooperaci\u00f3n Internacional, Fady Salti &hellip;<\/p>\n","protected":false},"author":35,"featured_media":308628,"comment_status":"closed","ping_status":"closed","sticky":false,"template":"","format":"standard","meta":{"footnotes":""},"categories":[597,20724,467,7541],"tags":[],"class_list":["post-308627","post","type-post","status-publish","format-standard","has-post-thumbnail","","category-cinta-de-noticias","category-minuto-a-minuto","category-siria-y-el-mundo","category-ultimas-noticias"],"_links":{"self":[{"href":"https:\/\/archive.sana.sy\/es\/index.php?rest_route=\/wp\/v2\/posts\/308627"}],"collection":[{"href":"https:\/\/archive.sana.sy\/es\/index.php?rest_route=\/wp\/v2\/posts"}],"about":[{"href":"https:\/\/archive.sana.sy\/es\/index.php?rest_route=\/wp\/v2\/types\/post"}],"author":[{"embeddable":true,"href":"https:\/\/archive.sana.sy\/es\/index.php?rest_route=\/wp\/v2\/users\/35"}],"replies":[{"embeddable":true,"href":"https:\/\/archive.sana.sy\/es\/index.php?rest_route=%2Fwp%2Fv2%2Fcomments&post=308627"}],"version-history":[{"count":1,"href":"https:\/\/archive.sana.sy\/es\/index.php?rest_route=\/wp\/v2\/posts\/308627\/revisions"}],"predecessor-version":[{"id":308629,"href":"https:\/\/archive.sana.sy\/es\/index.php?rest_route=\/wp\/v2\/posts\/308627\/revisions\/308629"}],"wp:featuredmedia":[{"embeddable":true,"href":"https:\/\/archive.sana.sy\/es\/index.php?rest_route=\/wp\/v2\/media\/308628"}],"wp:attachment":[{"href":"https:\/\/archive.sana.sy\/es\/index.php?rest_route=%2Fwp%2Fv2%2Fmedia&parent=308627"}],"wp:term":[{"taxonomy":"category","embeddable":true,"href":"https:\/\/archive.sana.sy\/es\/index.php?rest_route=%2Fwp%2Fv2%2Fcategories&post=308627"},{"taxonomy":"post_tag","embeddable":true,"href":"https:\/\/archive.sana.sy\/es\/index.php?rest_route=%2Fwp%2Fv2%2Ftags&post=308627"}],"curies":[{"name":"wp","href":"https:\/\/api.w.org\/{rel}","templated":true}]}}