{"id":308657,"date":"2023-09-14T15:13:44","date_gmt":"2023-09-14T12:13:44","guid":{"rendered":"http:\/\/sana.sy\/es\/?p=308657"},"modified":"2023-09-14T15:13:44","modified_gmt":"2023-09-14T12:13:44","slug":"rusia-y-corea-del-norte-una-alianza-natural","status":"publish","type":"post","link":"https:\/\/archive.sana.sy\/es\/?p=308657","title":{"rendered":"Rusia y Corea del Norte, una alianza natural"},"content":{"rendered":"<p style=\"text-align: justify;\"><span style=\"color: #800000;\"><strong>Damasco, 14 sep (SANA)<\/strong><\/span> Las contribuciones de la antigua Uni\u00f3n Sovi\u00e9tica y despu\u00e9s las de la Federaci\u00f3n de Rusia a la soberan\u00eda y desarrollo de la Rep\u00fablica Popular Democr\u00e1tica de Corea (RPDC), explica la presencia de Kim Jong Un en aquel pa\u00eds.<\/p>\n<p>El secretario general del Partido del Trabajo (PTC) y presidente de Asuntos Estatales de la RPDC reci\u00e9n inici\u00f3 una visita oficial a Rusia por invitaci\u00f3n del presidente Vladimir Putin.<\/p>\n<p style=\"text-align: justify;\">En su primer encuentro con Putin (en el cosm\u00f3dromo de Vostochni, en el Lejano Oriente ruso), Kim asever\u00f3 que Pyongyang siempre estar\u00e1 al lado de Mosc\u00fa \u201cen la lucha contra el imperialismo\u201d.<\/p>\n<p style=\"text-align: justify;\">Rusia se ha levantado para defender su soberan\u00eda y proteger su seguridad -dijo-. Siempre hemos apoyado a Putin y al Gobierno ruso y queremos seguir desarrollando las relaciones Espero que siempre estemos juntos en la lucha contra el imperialismo y por la construcci\u00f3n de un Estado soberano.<\/p>\n<p style=\"text-align: justify;\">La URSS fue el primer pa\u00eds que reconoci\u00f3 a la RPDC como un Estado soberano e independiente (1948).<\/p>\n<p style=\"text-align: justify;\">El m\u00e1ximo dirigente de la RPDC subray\u00f3 que su visita tiene lugar en un \u201cmomento especial\u201d y resalt\u00f3 que los lazos con la naci\u00f3n euroasi\u00e1tica tienen un car\u00e1cter estrat\u00e9gico y son \u201cla principal prioridad\u201d de su pa\u00eds.<\/p>\n<p style=\"text-align: justify;\">Sobre su recorrido por el cosm\u00f3dromo de Vostochni, se\u00f1al\u00f3 que pudo ver con sus propios ojos \u201cel presente y el futuro de Rusia como potencia espacial\u201d.<\/p>\n<p style=\"text-align: justify;\">A su vez, Putin, interrogado sobre la ayuda al programa espacial de la RPDC, dijo que \u201cpor eso vinimos al cosm\u00f3dromo de Vostochni. El l\u00edder de la RPDC est\u00e1 muy interesado en la tecnolog\u00eda de cohetes, est\u00e1n tratando de desarrollar el espacio tambi\u00e9n\u201d.<\/p>\n<p style=\"text-align: justify;\">En un posterior almuerzo en honor a Kim, Putin asever\u00f3 que ambas naciones se esfuerzan por \u201cfortalecer los lazos de camarader\u00eda y buena vecindad en aras de la paz, la estabilidad y la prosperidad\u201d en la regi\u00f3n.<\/p>\n<p style=\"text-align: justify;\">Kim, entretanto, dijo que Mosc\u00fa enfrenta \u201cun mont\u00f3n de maldad\u201d y manifest\u00f3 su confianza en la victoria de la operaci\u00f3n especial en Ucrania, y al mismo tiempo ser\u00e1 capaz de seguir construyendo un Estado fuerte.<\/p>\n<p style=\"text-align: justify;\">A fines de julio pasado, en ocasi\u00f3n del 70 aniversario de la independencia de la RPDC, el ministro de Defensa de Rusia, Sergei Shoigu, estuvo de visita en Pyongyang.<\/p>\n<p style=\"text-align: justify;\">Seg\u00fan trascendidos oficiales, Kim y Shoigu intercambiaron \u201cen un ambiente de camarader\u00eda\u201d sobre la situaci\u00f3n en sus pa\u00edses y regiones, en especial acerca de temas relacionados con seguridad y defensa.<\/p>\n<p style=\"text-align: justify;\">Fueron consideradas con sinceridad las posibilidades de estrechar a\u00fan m\u00e1s la cooperaci\u00f3n t\u00e1ctica y estrat\u00e9gica entre ambas Fuerzas Armadas, se\u00f1al\u00f3 entonces KCNA, la agencia estatal de la RPDC.<\/p>\n<p style=\"text-align: justify;\">La historia y el presente confirman la l\u00f3gica de las relaciones Rusia-RPDC y explican la importancia de la visita de Kim con la intenci\u00f3n de forjar una alianza a todas luces natural.<\/p>\n<p style=\"text-align: justify;\"><strong>Fuente: Prensa Latina<\/strong><\/p>\n","protected":false},"excerpt":{"rendered":"<p>Damasco, 14 sep (SANA) Las contribuciones de la antigua Uni\u00f3n Sovi\u00e9tica y despu\u00e9s las de la Federaci\u00f3n de Rusia a la soberan\u00eda y desarrollo de la Rep\u00fablica Popular Democr\u00e1tica de Corea (RPDC), explica la presencia de Kim Jong Un en aquel pa\u00eds. El secretario general del Partido del Trabajo (PTC) y presidente de Asuntos Estatales &hellip;<\/p>\n","protected":false},"author":39,"featured_media":308658,"comment_status":"closed","ping_status":"closed","sticky":false,"template":"","format":"standard","meta":{"footnotes":""},"categories":[16929,597,456,16687,20724,583],"tags":[],"class_list":["post-308657","post","type-post","status-publish","format-standard","has-post-thumbnail","","category-articulos-de-opinion","category-cinta-de-noticias","category-arabe-internacional-politica","category-internacionales","category-minuto-a-minuto","category-slide"],"_links":{"self":[{"href":"https:\/\/archive.sana.sy\/es\/index.php?rest_route=\/wp\/v2\/posts\/308657"}],"collection":[{"href":"https:\/\/archive.sana.sy\/es\/index.php?rest_route=\/wp\/v2\/posts"}],"about":[{"href":"https:\/\/archive.sana.sy\/es\/index.php?rest_route=\/wp\/v2\/types\/post"}],"author":[{"embeddable":true,"href":"https:\/\/archive.sana.sy\/es\/index.php?rest_route=\/wp\/v2\/users\/39"}],"replies":[{"embeddable":true,"href":"https:\/\/archive.sana.sy\/es\/index.php?rest_route=%2Fwp%2Fv2%2Fcomments&post=308657"}],"version-history":[{"count":1,"href":"https:\/\/archive.sana.sy\/es\/index.php?rest_route=\/wp\/v2\/posts\/308657\/revisions"}],"predecessor-version":[{"id":308659,"href":"https:\/\/archive.sana.sy\/es\/index.php?rest_route=\/wp\/v2\/posts\/308657\/revisions\/308659"}],"wp:featuredmedia":[{"embeddable":true,"href":"https:\/\/archive.sana.sy\/es\/index.php?rest_route=\/wp\/v2\/media\/308658"}],"wp:attachment":[{"href":"https:\/\/archive.sana.sy\/es\/index.php?rest_route=%2Fwp%2Fv2%2Fmedia&parent=308657"}],"wp:term":[{"taxonomy":"category","embeddable":true,"href":"https:\/\/archive.sana.sy\/es\/index.php?rest_route=%2Fwp%2Fv2%2Fcategories&post=308657"},{"taxonomy":"post_tag","embeddable":true,"href":"https:\/\/archive.sana.sy\/es\/index.php?rest_route=%2Fwp%2Fv2%2Ftags&post=308657"}],"curies":[{"name":"wp","href":"https:\/\/api.w.org\/{rel}","templated":true}]}}