{"id":308669,"date":"2023-09-14T16:09:47","date_gmt":"2023-09-14T13:09:47","guid":{"rendered":"http:\/\/sana.sy\/es\/?p=308669"},"modified":"2023-09-14T16:09:47","modified_gmt":"2023-09-14T13:09:47","slug":"the-wall-street-journal-occidente-fracaso-en-convencer-a-paises-no-europeos-para-que-apoyen-a-ucrania","status":"publish","type":"post","link":"https:\/\/archive.sana.sy\/es\/?p=308669","title":{"rendered":"The Wall Street Journal: Occidente fracas\u00f3 en convencer a pa\u00edses no europeos para que apoyen a Ucrania"},"content":{"rendered":"<p style=\"text-align: justify;\"><strong><span style=\"color: #800000;\">Washington, 14 sep (SANA)<\/span><\/strong> El diario estadounidense Wall Street Journal consider\u00f3 que Estados Unidos y sus aliados en Europa no lograron persuadir a otros pa\u00edses fuera del viejo continente, como Brasil y Sud\u00e1frica, para que apoyaran al r\u00e9gimen de Kiev.<\/p>\n<p>\u201cEst\u00e1 claro que Occidente se sorprendi\u00f3 por el rechazo de los pa\u00edses del hemisferio sur para involucrarse en la crisis ucraniana&#8221;, cit\u00f3 el peri\u00f3dico a Jan Ticao, ex funcionario del Ministerio de Defensa alem\u00e1n y jefe de la Oficina Alemana de la Asociaci\u00f3n Consultiva.<\/p>\n<p style=\"text-align: justify;\">El rotativo destac\u00f3 el deseo de actores claves como Brasil y Sud\u00e1frica de seguir una pol\u00edtica independiente que sirva a sus intereses en la escena internacional.<\/p>\n<p>Adem\u00e1s, el diario anunci\u00f3, citando otras fuentes an\u00f3nimas, que &#8220;la voluntad de la comunidad internacional de criticar p\u00fablicamente a Rusia disminuy\u00f3 notablemente recientemente, mientras otras naciones se oponen a las demandas de Ucrania de pedir una compensaci\u00f3n a Rusia.&#8221;<\/p>\n<p style=\"text-align: justify;\">lo\/fm<\/p>\n","protected":false},"excerpt":{"rendered":"<p>Washington, 14 sep (SANA) El diario estadounidense Wall Street Journal consider\u00f3 que Estados Unidos y sus aliados en Europa no lograron persuadir a otros pa\u00edses fuera del viejo continente, como Brasil y Sud\u00e1frica, para que apoyaran al r\u00e9gimen de Kiev. \u201cEst\u00e1 claro que Occidente se sorprendi\u00f3 por el rechazo de los pa\u00edses del hemisferio sur &hellip;<\/p>\n","protected":false},"author":39,"featured_media":308671,"comment_status":"closed","ping_status":"closed","sticky":false,"template":"","format":"standard","meta":{"footnotes":""},"categories":[597,456,16687,20724,7541],"tags":[],"class_list":["post-308669","post","type-post","status-publish","format-standard","has-post-thumbnail","","category-cinta-de-noticias","category-arabe-internacional-politica","category-internacionales","category-minuto-a-minuto","category-ultimas-noticias"],"_links":{"self":[{"href":"https:\/\/archive.sana.sy\/es\/index.php?rest_route=\/wp\/v2\/posts\/308669"}],"collection":[{"href":"https:\/\/archive.sana.sy\/es\/index.php?rest_route=\/wp\/v2\/posts"}],"about":[{"href":"https:\/\/archive.sana.sy\/es\/index.php?rest_route=\/wp\/v2\/types\/post"}],"author":[{"embeddable":true,"href":"https:\/\/archive.sana.sy\/es\/index.php?rest_route=\/wp\/v2\/users\/39"}],"replies":[{"embeddable":true,"href":"https:\/\/archive.sana.sy\/es\/index.php?rest_route=%2Fwp%2Fv2%2Fcomments&post=308669"}],"version-history":[{"count":1,"href":"https:\/\/archive.sana.sy\/es\/index.php?rest_route=\/wp\/v2\/posts\/308669\/revisions"}],"predecessor-version":[{"id":308672,"href":"https:\/\/archive.sana.sy\/es\/index.php?rest_route=\/wp\/v2\/posts\/308669\/revisions\/308672"}],"wp:featuredmedia":[{"embeddable":true,"href":"https:\/\/archive.sana.sy\/es\/index.php?rest_route=\/wp\/v2\/media\/308671"}],"wp:attachment":[{"href":"https:\/\/archive.sana.sy\/es\/index.php?rest_route=%2Fwp%2Fv2%2Fmedia&parent=308669"}],"wp:term":[{"taxonomy":"category","embeddable":true,"href":"https:\/\/archive.sana.sy\/es\/index.php?rest_route=%2Fwp%2Fv2%2Fcategories&post=308669"},{"taxonomy":"post_tag","embeddable":true,"href":"https:\/\/archive.sana.sy\/es\/index.php?rest_route=%2Fwp%2Fv2%2Ftags&post=308669"}],"curies":[{"name":"wp","href":"https:\/\/api.w.org\/{rel}","templated":true}]}}