{"id":308675,"date":"2023-09-14T16:37:45","date_gmt":"2023-09-14T13:37:45","guid":{"rendered":"http:\/\/sana.sy\/es\/?p=308675"},"modified":"2023-09-14T16:52:43","modified_gmt":"2023-09-14T13:52:43","slug":"siria-vencera-porque-defiende-una-justa-causa-afirma-ministro-de-defensa-2","status":"publish","type":"post","link":"https:\/\/archive.sana.sy\/es\/?p=308675","title":{"rendered":"Siria vencer\u00e1 porque defiende una justa causa, afirma Ministro de Defensa"},"content":{"rendered":"<p style=\"text-align: justify;\"><span style=\"color: #800000;\"><strong>Damasco, 14 sep (SANA)<\/strong><\/span> El ministro sirio de Defensa, Ali Mahmoud Abbas, denunci\u00f3 hoy que Siria enfrenta una embestida medi\u00e1tica desinformadora y tergiversadora.<\/p>\n<p style=\"text-align: justify;\">\u201cHay una escalada agresiva por parte de las fuerzas que patrocinan el terrorismo e imponen un asedio al pueblo sirio, en un intento de quebrantar su voluntad y su apego y voluntad de defender su tierra y su dignidad\u201d, dijo el Ministro durante una ceremonia de graduaci\u00f3n de un grupo de oficiales que se sometieron a un curso de mando y estado mayor en la Academia Militar Superior.<\/p>\n<p style=\"text-align: justify;\"><img loading=\"lazy\" decoding=\"async\" class=\"size-medium wp-image-308677 alignright\" src=\"http:\/\/sana.sy\/es\/wp-content\/uploads\/2023\/09\/Siria-vencera-porque-defiende-una-justa-causa-afirma-Ministro-de-Defensa-3-300x200.jpg\" alt=\"\" width=\"300\" height=\"200\" srcset=\"https:\/\/archive.sana.sy\/es\/wp-content\/uploads\/2023\/09\/Siria-vencera-porque-defiende-una-justa-causa-afirma-Ministro-de-Defensa-3-300x200.jpg 300w, https:\/\/archive.sana.sy\/es\/wp-content\/uploads\/2023\/09\/Siria-vencera-porque-defiende-una-justa-causa-afirma-Ministro-de-Defensa-3-1024x682.jpg 1024w, https:\/\/archive.sana.sy\/es\/wp-content\/uploads\/2023\/09\/Siria-vencera-porque-defiende-una-justa-causa-afirma-Ministro-de-Defensa-3-150x100.jpg 150w, https:\/\/archive.sana.sy\/es\/wp-content\/uploads\/2023\/09\/Siria-vencera-porque-defiende-una-justa-causa-afirma-Ministro-de-Defensa-3-768x512.jpg 768w, https:\/\/archive.sana.sy\/es\/wp-content\/uploads\/2023\/09\/Siria-vencera-porque-defiende-una-justa-causa-afirma-Ministro-de-Defensa-3.jpg 1280w\" sizes=\"(max-width: 300px) 100vw, 300px\" \/><\/p>\n<p style=\"text-align: justify;\">Seg\u00fan afirm\u00f3 el alto mando, Siria vencer\u00e1 porque defiende una justa causa y porque dispone de la voluntad y la determinaci\u00f3n de seguir luchando.<\/p>\n<p style=\"text-align: justify;\">\u201cNuestra instituci\u00f3n militar es un modelo de disciplina y cohesi\u00f3n, y es una escuela ideal de sacrificio y pertenencia nacional\u201d, manifest\u00f3 el Titular de Defensa.<\/p>\n<p style=\"text-align: justify;\">Destac\u00f3 la importancia del Curso de Comando y Estado Mayor en enriquecer el conocimiento y la experiencia de los oficiales y elevar su nivel intelectual y cient\u00edfico, lo cual le permite avanzar con pasos seguros hacia la victoria en las l\u00edneas del frente en cualquier momento o lugar.<\/p>\n<div id='gallery-1' class='gallery galleryid-308675 gallery-columns-1 gallery-size-full'><figure class='gallery-item'>\n\t\t\t<div class='gallery-icon landscape'>\n\t\t\t\t<a href='https:\/\/archive.sana.sy\/es\/?attachment_id=308694'><img loading=\"lazy\" decoding=\"async\" width=\"1280\" height=\"853\" src=\"https:\/\/archive.sana.sy\/es\/wp-content\/uploads\/2023\/09\/Siria-vencera-porque-defiende-una-justa-causa-afirma-Ministro-de-Defensa-5.jpg\" class=\"attachment-full size-full\" alt=\"\" srcset=\"https:\/\/archive.sana.sy\/es\/wp-content\/uploads\/2023\/09\/Siria-vencera-porque-defiende-una-justa-causa-afirma-Ministro-de-Defensa-5.jpg 1280w, https:\/\/archive.sana.sy\/es\/wp-content\/uploads\/2023\/09\/Siria-vencera-porque-defiende-una-justa-causa-afirma-Ministro-de-Defensa-5-300x200.jpg 300w, https:\/\/archive.sana.sy\/es\/wp-content\/uploads\/2023\/09\/Siria-vencera-porque-defiende-una-justa-causa-afirma-Ministro-de-Defensa-5-1024x682.jpg 1024w, https:\/\/archive.sana.sy\/es\/wp-content\/uploads\/2023\/09\/Siria-vencera-porque-defiende-una-justa-causa-afirma-Ministro-de-Defensa-5-150x100.jpg 150w, https:\/\/archive.sana.sy\/es\/wp-content\/uploads\/2023\/09\/Siria-vencera-porque-defiende-una-justa-causa-afirma-Ministro-de-Defensa-5-768x512.jpg 768w\" sizes=\"(max-width: 1280px) 100vw, 1280px\" \/><\/a>\n\t\t\t<\/div><\/figure><figure class='gallery-item'>\n\t\t\t<div class='gallery-icon landscape'>\n\t\t\t\t<a href='https:\/\/archive.sana.sy\/es\/?attachment_id=308682'><img loading=\"lazy\" decoding=\"async\" width=\"1280\" height=\"853\" src=\"https:\/\/archive.sana.sy\/es\/wp-content\/uploads\/2023\/09\/Siria-vencera-porque-defiende-una-justa-causa-afirma-Ministro-de-Defensa-6.jpg\" class=\"attachment-full size-full\" alt=\"\" srcset=\"https:\/\/archive.sana.sy\/es\/wp-content\/uploads\/2023\/09\/Siria-vencera-porque-defiende-una-justa-causa-afirma-Ministro-de-Defensa-6.jpg 1280w, https:\/\/archive.sana.sy\/es\/wp-content\/uploads\/2023\/09\/Siria-vencera-porque-defiende-una-justa-causa-afirma-Ministro-de-Defensa-6-300x200.jpg 300w, https:\/\/archive.sana.sy\/es\/wp-content\/uploads\/2023\/09\/Siria-vencera-porque-defiende-una-justa-causa-afirma-Ministro-de-Defensa-6-1024x682.jpg 1024w, https:\/\/archive.sana.sy\/es\/wp-content\/uploads\/2023\/09\/Siria-vencera-porque-defiende-una-justa-causa-afirma-Ministro-de-Defensa-6-150x100.jpg 150w, https:\/\/archive.sana.sy\/es\/wp-content\/uploads\/2023\/09\/Siria-vencera-porque-defiende-una-justa-causa-afirma-Ministro-de-Defensa-6-768x512.jpg 768w\" sizes=\"(max-width: 1280px) 100vw, 1280px\" \/><\/a>\n\t\t\t<\/div><\/figure><figure class='gallery-item'>\n\t\t\t<div class='gallery-icon landscape'>\n\t\t\t\t<a href='https:\/\/archive.sana.sy\/es\/?attachment_id=308683'><img loading=\"lazy\" decoding=\"async\" width=\"1280\" height=\"756\" src=\"https:\/\/archive.sana.sy\/es\/wp-content\/uploads\/2023\/09\/Siria-vencera-porque-defiende-una-justa-causa-afirma-Ministro-de-Defensa-8.jpg\" class=\"attachment-full size-full\" alt=\"\" srcset=\"https:\/\/archive.sana.sy\/es\/wp-content\/uploads\/2023\/09\/Siria-vencera-porque-defiende-una-justa-causa-afirma-Ministro-de-Defensa-8.jpg 1280w, https:\/\/archive.sana.sy\/es\/wp-content\/uploads\/2023\/09\/Siria-vencera-porque-defiende-una-justa-causa-afirma-Ministro-de-Defensa-8-300x177.jpg 300w, https:\/\/archive.sana.sy\/es\/wp-content\/uploads\/2023\/09\/Siria-vencera-porque-defiende-una-justa-causa-afirma-Ministro-de-Defensa-8-1024x605.jpg 1024w, https:\/\/archive.sana.sy\/es\/wp-content\/uploads\/2023\/09\/Siria-vencera-porque-defiende-una-justa-causa-afirma-Ministro-de-Defensa-8-150x89.jpg 150w, https:\/\/archive.sana.sy\/es\/wp-content\/uploads\/2023\/09\/Siria-vencera-porque-defiende-una-justa-causa-afirma-Ministro-de-Defensa-8-768x454.jpg 768w\" sizes=\"(max-width: 1280px) 100vw, 1280px\" \/><\/a>\n\t\t\t<\/div><\/figure><figure class='gallery-item'>\n\t\t\t<div class='gallery-icon landscape'>\n\t\t\t\t<a href='https:\/\/archive.sana.sy\/es\/?attachment_id=308684'><img loading=\"lazy\" decoding=\"async\" width=\"1280\" height=\"853\" src=\"https:\/\/archive.sana.sy\/es\/wp-content\/uploads\/2023\/09\/Siria-vencera-porque-defiende-una-justa-causa-afirma-Ministro-de-Defensa-9.jpg\" class=\"attachment-full size-full\" alt=\"\" srcset=\"https:\/\/archive.sana.sy\/es\/wp-content\/uploads\/2023\/09\/Siria-vencera-porque-defiende-una-justa-causa-afirma-Ministro-de-Defensa-9.jpg 1280w, https:\/\/archive.sana.sy\/es\/wp-content\/uploads\/2023\/09\/Siria-vencera-porque-defiende-una-justa-causa-afirma-Ministro-de-Defensa-9-300x200.jpg 300w, https:\/\/archive.sana.sy\/es\/wp-content\/uploads\/2023\/09\/Siria-vencera-porque-defiende-una-justa-causa-afirma-Ministro-de-Defensa-9-1024x682.jpg 1024w, https:\/\/archive.sana.sy\/es\/wp-content\/uploads\/2023\/09\/Siria-vencera-porque-defiende-una-justa-causa-afirma-Ministro-de-Defensa-9-150x100.jpg 150w, https:\/\/archive.sana.sy\/es\/wp-content\/uploads\/2023\/09\/Siria-vencera-porque-defiende-una-justa-causa-afirma-Ministro-de-Defensa-9-768x512.jpg 768w\" sizes=\"(max-width: 1280px) 100vw, 1280px\" \/><\/a>\n\t\t\t<\/div><\/figure><figure class='gallery-item'>\n\t\t\t<div class='gallery-icon landscape'>\n\t\t\t\t<a href='https:\/\/archive.sana.sy\/es\/?attachment_id=308685'><img loading=\"lazy\" decoding=\"async\" width=\"1280\" height=\"696\" src=\"https:\/\/archive.sana.sy\/es\/wp-content\/uploads\/2023\/09\/Siria-vencera-porque-defiende-una-justa-causa-afirma-Ministro-de-Defensa-10.jpg\" class=\"attachment-full size-full\" alt=\"\" srcset=\"https:\/\/archive.sana.sy\/es\/wp-content\/uploads\/2023\/09\/Siria-vencera-porque-defiende-una-justa-causa-afirma-Ministro-de-Defensa-10.jpg 1280w, https:\/\/archive.sana.sy\/es\/wp-content\/uploads\/2023\/09\/Siria-vencera-porque-defiende-una-justa-causa-afirma-Ministro-de-Defensa-10-300x163.jpg 300w, https:\/\/archive.sana.sy\/es\/wp-content\/uploads\/2023\/09\/Siria-vencera-porque-defiende-una-justa-causa-afirma-Ministro-de-Defensa-10-1024x557.jpg 1024w, https:\/\/archive.sana.sy\/es\/wp-content\/uploads\/2023\/09\/Siria-vencera-porque-defiende-una-justa-causa-afirma-Ministro-de-Defensa-10-150x82.jpg 150w, https:\/\/archive.sana.sy\/es\/wp-content\/uploads\/2023\/09\/Siria-vencera-porque-defiende-una-justa-causa-afirma-Ministro-de-Defensa-10-768x418.jpg 768w\" sizes=\"(max-width: 1280px) 100vw, 1280px\" \/><\/a>\n\t\t\t<\/div><\/figure><figure class='gallery-item'>\n\t\t\t<div class='gallery-icon landscape'>\n\t\t\t\t<a href='https:\/\/archive.sana.sy\/es\/?attachment_id=308686'><img loading=\"lazy\" decoding=\"async\" width=\"1280\" height=\"854\" src=\"https:\/\/archive.sana.sy\/es\/wp-content\/uploads\/2023\/09\/Siria-vencera-porque-defiende-una-justa-causa-afirma-Ministro-de-Defensa-11.jpg\" class=\"attachment-full size-full\" alt=\"\" srcset=\"https:\/\/archive.sana.sy\/es\/wp-content\/uploads\/2023\/09\/Siria-vencera-porque-defiende-una-justa-causa-afirma-Ministro-de-Defensa-11.jpg 1280w, https:\/\/archive.sana.sy\/es\/wp-content\/uploads\/2023\/09\/Siria-vencera-porque-defiende-una-justa-causa-afirma-Ministro-de-Defensa-11-300x200.jpg 300w, https:\/\/archive.sana.sy\/es\/wp-content\/uploads\/2023\/09\/Siria-vencera-porque-defiende-una-justa-causa-afirma-Ministro-de-Defensa-11-1024x683.jpg 1024w, https:\/\/archive.sana.sy\/es\/wp-content\/uploads\/2023\/09\/Siria-vencera-porque-defiende-una-justa-causa-afirma-Ministro-de-Defensa-11-150x100.jpg 150w, https:\/\/archive.sana.sy\/es\/wp-content\/uploads\/2023\/09\/Siria-vencera-porque-defiende-una-justa-causa-afirma-Ministro-de-Defensa-11-768x512.jpg 768w\" sizes=\"(max-width: 1280px) 100vw, 1280px\" \/><\/a>\n\t\t\t<\/div><\/figure>\n\t\t<\/div>\n\n<p style=\"text-align: justify;\">fm\/sm<\/p>\n","protected":false},"excerpt":{"rendered":"<p>Damasco, 14 sep (SANA) El ministro sirio de Defensa, Ali Mahmoud Abbas, denunci\u00f3 hoy que Siria enfrenta una embestida medi\u00e1tica desinformadora y tergiversadora. \u201cHay una escalada agresiva por parte de las fuerzas que patrocinan el terrorismo e imponen un asedio al pueblo sirio, en un intento de quebrantar su voluntad y su apego y voluntad &hellip;<\/p>\n","protected":false},"author":39,"featured_media":308691,"comment_status":"closed","ping_status":"closed","sticky":false,"template":"","format":"standard","meta":{"footnotes":""},"categories":[477,597,573,20724,476,583],"tags":[],"class_list":["post-308675","post","type-post","status-publish","format-standard","has-post-thumbnail","","category-noticias-edulcorantes","category-cinta-de-noticias","category-la-realidad-de-los-acontecimientos-en-siria","category-minuto-a-minuto","category-locales","category-slide"],"_links":{"self":[{"href":"https:\/\/archive.sana.sy\/es\/index.php?rest_route=\/wp\/v2\/posts\/308675"}],"collection":[{"href":"https:\/\/archive.sana.sy\/es\/index.php?rest_route=\/wp\/v2\/posts"}],"about":[{"href":"https:\/\/archive.sana.sy\/es\/index.php?rest_route=\/wp\/v2\/types\/post"}],"author":[{"embeddable":true,"href":"https:\/\/archive.sana.sy\/es\/index.php?rest_route=\/wp\/v2\/users\/39"}],"replies":[{"embeddable":true,"href":"https:\/\/archive.sana.sy\/es\/index.php?rest_route=%2Fwp%2Fv2%2Fcomments&post=308675"}],"version-history":[{"count":4,"href":"https:\/\/archive.sana.sy\/es\/index.php?rest_route=\/wp\/v2\/posts\/308675\/revisions"}],"predecessor-version":[{"id":308695,"href":"https:\/\/archive.sana.sy\/es\/index.php?rest_route=\/wp\/v2\/posts\/308675\/revisions\/308695"}],"wp:featuredmedia":[{"embeddable":true,"href":"https:\/\/archive.sana.sy\/es\/index.php?rest_route=\/wp\/v2\/media\/308691"}],"wp:attachment":[{"href":"https:\/\/archive.sana.sy\/es\/index.php?rest_route=%2Fwp%2Fv2%2Fmedia&parent=308675"}],"wp:term":[{"taxonomy":"category","embeddable":true,"href":"https:\/\/archive.sana.sy\/es\/index.php?rest_route=%2Fwp%2Fv2%2Fcategories&post=308675"},{"taxonomy":"post_tag","embeddable":true,"href":"https:\/\/archive.sana.sy\/es\/index.php?rest_route=%2Fwp%2Fv2%2Ftags&post=308675"}],"curies":[{"name":"wp","href":"https:\/\/api.w.org\/{rel}","templated":true}]}}