{"id":308716,"date":"2023-09-15T15:20:04","date_gmt":"2023-09-15T12:20:04","guid":{"rendered":"http:\/\/sana.sy\/es\/?p=308716"},"modified":"2023-09-15T20:47:53","modified_gmt":"2023-09-15T17:47:53","slug":"declaracion-del-congreso-extraordinario-de-fearab-america-en-damasco","status":"publish","type":"post","link":"https:\/\/archive.sana.sy\/es\/?p=308716","title":{"rendered":"Declaraci\u00f3n del Congreso Extraordinario de Fearab Am\u00e9rica en Damasco"},"content":{"rendered":"<blockquote>\n<p style=\"text-align: justify;\"><span style=\"color: #993300;\">Con la participaci\u00f3n y apoyo de altas autoridades sirias, los directivos de la entidad madre continental, llevaron a cabo el Congreso Extraordinario 2023, en la capital siria, al termino del cual emitieron la respectiva Declaraci\u00f3n Final (texto en esta nota).<\/span><\/p>\n<\/blockquote>\n<p style=\"text-align: justify;\"><span style=\"color: #800000;\"><strong>Damasco, 15 sep (SANA)<\/strong><\/span> Encabezado por su presidente, George El Alam, el Directorio de la Federaci\u00f3n de Entidades Americano \u00c1rabes (Fearab Am\u00e9rica), llev\u00f3 a cabo su Congreso Extraordinario 2023 en la ciudad de Damasco, entre el 4 y el 6 de septiembre, en el marco del 50\u00ba aniversario de la entidad madre continental.<\/p>\n<p style=\"text-align: justify;\">El destacado encuentro institucional cont\u00f3 con el apoyo y participaci\u00f3n de altas autoridades gubernamentales sirias de los ministerios de Relaciones Exteriores y Emigrados, Finanzas y Comercio Exterior, Cultura y Turismo, as\u00ed como de directivos de las C\u00e1maras de Industria y Comercio sirias.<\/p>\n<p style=\"text-align: justify;\">En su calidad de congresales, participaron delegaciones de Argentina, Brasil, Chile, Cuba, Panam\u00e1, Uruguay y Venezuela.<\/p>\n<p style=\"text-align: justify;\">Tras una imponente jornada de apertura y el desarrollo de un nutrido programa protocolar y de intenso trabajo institucional, el Congreso Extraordinario tuvo su cierre con la entrega de premios y distinciones a las autoridades participantes, as\u00ed como el intercambio de obsequios conmemorativos. Una selecci\u00f3n de im\u00e1genes de dicha jornada final se comparte en la galer\u00eda de la presente nota.<\/p>\n<p style=\"text-align: justify;\"><strong><span style=\"color: #0000ff;\">Documento final<\/span><\/strong><\/p>\n<p style=\"text-align: justify;\">Dando cierre al encuentro, los delegados al Congreso Extraordinario, emitieron una Declaraci\u00f3n cuyo texto se comparte a continuaci\u00f3n.<\/p>\n<p style=\"text-align: justify;\"><strong>DECLARACI\u00d3N FINAL<\/strong><br \/>\n<strong>CONGRESO EXTRAORDINARIO \u201cDAMASCO 2023\u201d &#8211; REP\u00daBLICA \u00c1RABE SIRIA<\/strong><br \/>\n<strong>4, 5 y 6 de septiembre de 2023<\/strong><\/p>\n<p style=\"text-align: justify;\">Los delegados de las Fearab Nacionales de Argentina, Brasil, Chile, Cuba, Panam\u00e1, Uruguay y la Rep\u00fablica Bolivariana de Venezuela, participantes en el Congreso Extraordinario \u201cDamasco 2023\u201d 50 a\u00f1os de la Federaci\u00f3n de Entidades Americano-\u00c1rabes, Fearab Am\u00e9rica, celebrado en la Universidad de Damasco, los d\u00edas 4, 5 y 6 de Septiembre del a\u00f1o 2023, acuerdan y declaran que:<\/p>\n<p style=\"text-align: justify;\">1) Es un alto honor para todos haber tenido la oportunidad de reunirnos en esta hist\u00f3rica ciudad de Damasco, por lo que expresamos nuestro agradecimiento a las autoridades del gobierno de la Rep\u00fablica \u00c1rabe Siria, y a todos quienes participaron en las actividades, demostr\u00e1ndonos una vez m\u00e1s la grata hospitalidad tradicional del pueblo sirio. Especialmente a S.E. el presidente Sr. Bashar Al Asad y a su gobierno, quienes a trav\u00e9s de sus representaciones diplom\u00e1ticas en Latinoam\u00e9rica coordinaron todos los detalles. A su vez, hacemos extensivo el agradecimiento a la Universidad de Damasco y a los embajadores latinoamericanos acreditados en Siria por su apoyo.<\/p>\n<p style=\"text-align: justify;\">2) A cincuenta a\u00f1os de su fundaci\u00f3n, Fearab Am\u00e9rica ha cumplido con los objetivos que previeron sus fundadores, en especial cabe indicar, la labor desarrollada en Am\u00e9rica, en nuestras patrias de adopci\u00f3n, siendo una entidad de uni\u00f3n de los \u00e1rabes, sus descendientes y sus instituciones. Destacando siempre, el valor de la contribuci\u00f3n de la civilizaci\u00f3n \u00e1rabe, su cultura, costumbres y tradiciones a la humanidad en todas las \u00e1reas.<\/p>\n<p style=\"text-align: justify;\">3) En medio siglo Fearab Am\u00e9rica y las distintas Fearab nacionales, han sido la voz de defensa de las nobles causas de los pueblos \u00e1rabes. Toda vez que en ese largo per\u00edodo de cinco d\u00e9cadas hubo un problema, all\u00ed estuvo la acci\u00f3n de nuestra organizaci\u00f3n, expresando la solidaridad incondicional en la lucha permanente por los leg\u00edtimos derechos de las naciones de nuestros ancestros.<\/p>\n<p style=\"text-align: justify;\">4) Fearab Am\u00e9rica siempre conden\u00f3 las agresiones, las acciones de violencia, los bloqueos que causan graves da\u00f1os a los pueblos, reivindicando el debido cumplimiento de las normas de derecho internacional para la soluci\u00f3n pac\u00edfica, justa y racional de los conflictos. En esa l\u00ednea de opini\u00f3n, nuestra organizaci\u00f3n conden\u00f3 y condena las agresiones contra Libia, Irak, L\u00edbano, Siria y Palestina.<\/p>\n<p style=\"text-align: justify;\">5) Fearab Am\u00e9rica demanda el respeto a la autodeterminaci\u00f3n de los pueblos y apela a la madurez y sensatez que debe reinar en la comunidad internacional, con la aplicaci\u00f3n de las normas del Derecho Internacional aprobadas por la Organizaci\u00f3n de Naciones Unidas. Por lo que apoya y exige la constituci\u00f3n de un Estado Palestino Independiente, con Jerusal\u00e9n como Capital, el retorno de sus refugiados y la inmediata aplicaci\u00f3n de las resoluciones ONU incumplidas por el ocupante.<\/p>\n<p style=\"text-align: justify;\">6) Fearab Am\u00e9rica condena y repudia el desestabilizador y destructivo proyecto de cambio de r\u00e9gimen, iniciado en marzo del 2011, con el objetivo de desmembrar a Siria a trav\u00e9s de la vulneraci\u00f3n de su soberan\u00eda, y el constante atentado contra su integridad territorial y unidad nacional de su pueblo. Dicho proyecto se ha valido del uso de agrupaciones terroristas extranjeras de m\u00e1s de 90 nacionalidades que han sido entrenadas, sostenidas y armadas por potencias internacionales encabezadas por EE. UU. y la OTAN. Y que han da\u00f1ado la infraestructura, log\u00edstica y normal funcionamiento del pa\u00eds, por lo que propiciaremos el apoyo de profesionales y empresarios de nuestras comunidades para una pronta reconstrucci\u00f3n.<\/p>\n<p style=\"text-align: justify;\">7) En virtud de nuestra forma de pensar, Fearab-Am\u00e9rica exhorta a las Fearab Nacionales a realizar las gestiones necesarias para que sus respectivos gobiernos reclamen ante los organismos internacionales, en especial, ante la Organizaci\u00f3n de Naciones Unidas, a fin de que cesen de inmediato los bloqueos y sanciones econ\u00f3micas, por ser contrarias al derecho internacional y porque perjudican gravemente a los pueblos y sus familias. En este sentido, solicitamos el cese del bloqueo criminal, econ\u00f3mico, comercial y financiero, en contra de los pueblos Sirio, Cubano y Venezolano.<\/p>\n<p style=\"text-align: justify;\">8) El mundo ser\u00e1 mejor si se respetan rec\u00edprocamente los verdaderos derechos humanos, si se deja de lado la nefasta pr\u00e1ctica de la violencia, los bloqueos, la usurpaci\u00f3n de los recursos naturales de los pa\u00edses, si se llevan adelante pol\u00edticas del cuidado del medio ambiente y si se cumple estrictamente con el derecho internacional. Con esa fuerte y total convicci\u00f3n, nuestra hist\u00f3rica organizaci\u00f3n, Fearab Am\u00e9rica, continuar\u00e1 luchando tras esos superiores objetivos, para que reine la armon\u00eda, concordia y la paz en el planeta.<\/p>\n<p style=\"text-align: justify;\">ah\/fm<\/p>\n","protected":false},"excerpt":{"rendered":"<p>Con la participaci\u00f3n y apoyo de altas autoridades sirias, los directivos de la entidad madre continental, llevaron a cabo el Congreso Extraordinario 2023, en la capital siria, al termino del cual emitieron la respectiva Declaraci\u00f3n Final (texto en esta nota). Damasco, 15 sep (SANA) Encabezado por su presidente, George El Alam, el Directorio de la &hellip;<\/p>\n","protected":false},"author":30,"featured_media":308717,"comment_status":"closed","ping_status":"closed","sticky":false,"template":"","format":"standard","meta":{"footnotes":""},"categories":[597,20724,467,583],"tags":[],"class_list":["post-308716","post","type-post","status-publish","format-standard","has-post-thumbnail","","category-cinta-de-noticias","category-minuto-a-minuto","category-siria-y-el-mundo","category-slide"],"_links":{"self":[{"href":"https:\/\/archive.sana.sy\/es\/index.php?rest_route=\/wp\/v2\/posts\/308716"}],"collection":[{"href":"https:\/\/archive.sana.sy\/es\/index.php?rest_route=\/wp\/v2\/posts"}],"about":[{"href":"https:\/\/archive.sana.sy\/es\/index.php?rest_route=\/wp\/v2\/types\/post"}],"author":[{"embeddable":true,"href":"https:\/\/archive.sana.sy\/es\/index.php?rest_route=\/wp\/v2\/users\/30"}],"replies":[{"embeddable":true,"href":"https:\/\/archive.sana.sy\/es\/index.php?rest_route=%2Fwp%2Fv2%2Fcomments&post=308716"}],"version-history":[{"count":4,"href":"https:\/\/archive.sana.sy\/es\/index.php?rest_route=\/wp\/v2\/posts\/308716\/revisions"}],"predecessor-version":[{"id":308774,"href":"https:\/\/archive.sana.sy\/es\/index.php?rest_route=\/wp\/v2\/posts\/308716\/revisions\/308774"}],"wp:featuredmedia":[{"embeddable":true,"href":"https:\/\/archive.sana.sy\/es\/index.php?rest_route=\/wp\/v2\/media\/308717"}],"wp:attachment":[{"href":"https:\/\/archive.sana.sy\/es\/index.php?rest_route=%2Fwp%2Fv2%2Fmedia&parent=308716"}],"wp:term":[{"taxonomy":"category","embeddable":true,"href":"https:\/\/archive.sana.sy\/es\/index.php?rest_route=%2Fwp%2Fv2%2Fcategories&post=308716"},{"taxonomy":"post_tag","embeddable":true,"href":"https:\/\/archive.sana.sy\/es\/index.php?rest_route=%2Fwp%2Fv2%2Ftags&post=308716"}],"curies":[{"name":"wp","href":"https:\/\/api.w.org\/{rel}","templated":true}]}}