{"id":308739,"date":"2023-09-15T10:47:51","date_gmt":"2023-09-15T07:47:51","guid":{"rendered":"http:\/\/sana.sy\/es\/?p=308739"},"modified":"2023-09-15T10:47:51","modified_gmt":"2023-09-15T07:47:51","slug":"comienza-en-cuba-cumbre-del-g77-y-china","status":"publish","type":"post","link":"https:\/\/archive.sana.sy\/es\/?p=308739","title":{"rendered":"Comienza en Cuba Cumbre del G77 y China"},"content":{"rendered":"<p style=\"text-align: justify;\"><span style=\"color: #800000;\"><strong>La Habana, 15 sep (SANA)<\/strong><\/span> La Cumbre del Grupo de los 77 y China, convocada por Cuba, comienza hoy en La Habana, enfocada en los retos actuales del desarrollo: Papel de la ciencia, la tecnolog\u00eda y la innovaci\u00f3n.<\/p>\n<p style=\"text-align: justify;\">Con la participaci\u00f3n de m\u00e1s de un centenar de delegaciones de los Estados miembros del bloque y de funcionarios de organismos internacionales, la cita propiciar\u00e1 debates de alto nivel sobre los temas pol\u00edticos y econ\u00f3micos m\u00e1s apremiantes para las naciones en desarrollo.<\/p>\n<p style=\"text-align: justify;\">Como parte de la agenda, se espera que los participantes den continuidad a los reclamos hist\u00f3ricos del Grupo, en particular con relaci\u00f3n al nuevo orden econ\u00f3mico internacional, la reforma de la arquitectura financiera mundial, el rechazo a las medidas coercitivas unilaterales, las situaciones de concentraci\u00f3n de la riqueza y el peso de la deuda externa.<\/p>\n<p style=\"text-align: justify;\">Seg\u00fan el embajador cubano, Pedro Luis Pedroso, representante especial para coordinar la presidencia del bloque, la Cumbre deber\u00e1 contribuir a potenciar la voz del G77 y China en los actuales procesos intergubernamentales en el marco de las Naciones Unidas, en particular la Cumbre de los Objetivos de Desarrollo Sostenible y la Cumbre del Futuro, en cuyo contexto se deber\u00e1 elaborar y acordar el llamado Pacto Global Digital.<\/p>\n<p style=\"text-align: justify;\">La cita, asegur\u00f3, ser\u00e1 un espacio en el que los pa\u00edses en desarrollo renovar\u00e1n su compromiso con el multilateralismo y con la cooperaci\u00f3n internacional genuina y desinteresada como fundamento esencial de las relaciones entre Estados.<\/p>\n<p style=\"text-align: justify;\">El canciller Bruno Rodr\u00edguez inform\u00f3 recientemente a la prensa que el proyecto de declaraci\u00f3n final del evento es leal a los prop\u00f3sitos y principios del grupo, atento a las necesidades de los pa\u00edses en desarrollo y apegado firmemente al reclamo del derecho al desarrollo en medio de un orden internacional cada vez m\u00e1s excluyente e injusto.<\/p>\n<p style=\"text-align: justify;\">Adelant\u00f3 que el texto tambi\u00e9n propone declarar un d\u00eda internacional de la ciencia, la tecnolog\u00eda y la innovaci\u00f3n en el Sur.<\/p>\n<p style=\"text-align: justify;\">Seg\u00fan el programa, el evento, que sesionar\u00e1 este viernes y el s\u00e1bado, constar\u00e1 de una sesi\u00f3n inaugural, seguida del debate general o plenario en el que intervendr\u00e1n los jefes de Estado y de Gobierno, representantes de delegaciones y funcionarios de organismos internacionales.<\/p>\n<p style=\"text-align: justify;\">Durante la apertura de la cita intervendr\u00e1n el mandatario cubano, Miguel D\u00edaz-Canel, y el secretario general de la ONU, Ant\u00f3nio Guterres.<\/p>\n<p style=\"text-align: justify;\">Desde su incorporaci\u00f3n en 1971, la naci\u00f3n caribe\u00f1a ha desempe\u00f1ado un papel activo en el G77 y China, principalmente en la promoci\u00f3n de la cooperaci\u00f3n Sur-Sur, como v\u00eda para el desarrollo equitativo entre pa\u00edses.<\/p>\n<p style=\"text-align: justify;\">Cuba asumi\u00f3 la presidencia pro tempore de la agrupaci\u00f3n en enero \u00faltimo, primera ocasi\u00f3n en que el pa\u00eds caribe\u00f1o lidera este mecanismo.<\/p>\n<p style=\"text-align: justify;\">El G77 y China es el grupo de concertaci\u00f3n m\u00e1s diverso de la esfera multilateral, con 134 estados miembros que representan dos tercios de la membres\u00eda de la Organizaci\u00f3n de las Naciones Unidas y el 80 por ciento de la poblaci\u00f3n mundial.<\/p>\n<p style=\"text-align: justify;\"><span style=\"color: #0000ff;\"><strong>Fuente: Prensa Latina<\/strong><\/span><\/p>\n","protected":false},"excerpt":{"rendered":"<p>La Habana, 15 sep (SANA) La Cumbre del Grupo de los 77 y China, convocada por Cuba, comienza hoy en La Habana, enfocada en los retos actuales del desarrollo: Papel de la ciencia, la tecnolog\u00eda y la innovaci\u00f3n. Con la participaci\u00f3n de m\u00e1s de un centenar de delegaciones de los Estados miembros del bloque y &hellip;<\/p>\n","protected":false},"author":30,"featured_media":308740,"comment_status":"closed","ping_status":"closed","sticky":false,"template":"","format":"standard","meta":{"footnotes":""},"categories":[597,456,16687,20724,7541],"tags":[],"class_list":["post-308739","post","type-post","status-publish","format-standard","has-post-thumbnail","","category-cinta-de-noticias","category-arabe-internacional-politica","category-internacionales","category-minuto-a-minuto","category-ultimas-noticias"],"_links":{"self":[{"href":"https:\/\/archive.sana.sy\/es\/index.php?rest_route=\/wp\/v2\/posts\/308739"}],"collection":[{"href":"https:\/\/archive.sana.sy\/es\/index.php?rest_route=\/wp\/v2\/posts"}],"about":[{"href":"https:\/\/archive.sana.sy\/es\/index.php?rest_route=\/wp\/v2\/types\/post"}],"author":[{"embeddable":true,"href":"https:\/\/archive.sana.sy\/es\/index.php?rest_route=\/wp\/v2\/users\/30"}],"replies":[{"embeddable":true,"href":"https:\/\/archive.sana.sy\/es\/index.php?rest_route=%2Fwp%2Fv2%2Fcomments&post=308739"}],"version-history":[{"count":1,"href":"https:\/\/archive.sana.sy\/es\/index.php?rest_route=\/wp\/v2\/posts\/308739\/revisions"}],"predecessor-version":[{"id":308741,"href":"https:\/\/archive.sana.sy\/es\/index.php?rest_route=\/wp\/v2\/posts\/308739\/revisions\/308741"}],"wp:featuredmedia":[{"embeddable":true,"href":"https:\/\/archive.sana.sy\/es\/index.php?rest_route=\/wp\/v2\/media\/308740"}],"wp:attachment":[{"href":"https:\/\/archive.sana.sy\/es\/index.php?rest_route=%2Fwp%2Fv2%2Fmedia&parent=308739"}],"wp:term":[{"taxonomy":"category","embeddable":true,"href":"https:\/\/archive.sana.sy\/es\/index.php?rest_route=%2Fwp%2Fv2%2Fcategories&post=308739"},{"taxonomy":"post_tag","embeddable":true,"href":"https:\/\/archive.sana.sy\/es\/index.php?rest_route=%2Fwp%2Fv2%2Ftags&post=308739"}],"curies":[{"name":"wp","href":"https:\/\/api.w.org\/{rel}","templated":true}]}}