{"id":308750,"date":"2023-09-15T14:43:55","date_gmt":"2023-09-15T11:43:55","guid":{"rendered":"http:\/\/sana.sy\/es\/?p=308750"},"modified":"2023-09-15T15:44:07","modified_gmt":"2023-09-15T12:44:07","slug":"rusia-desarrolla-nuevas-naves-sistemas-roboticos-y-drones-submarinos","status":"publish","type":"post","link":"https:\/\/archive.sana.sy\/es\/?p=308750","title":{"rendered":"Rusia desarrolla nuevas naves, sistemas rob\u00f3ticos y drones submarinos"},"content":{"rendered":"<p style=\"text-align: justify;\"><span style=\"color: #800000;\"><strong>Mosc\u00fa, 15 sep (SANA)\u00a0<\/strong><\/span> El ministro de Defensa, Sergu\u00e9i Shoig\u00fa, revel\u00f3 hoy que Rusia desarrolla proyectos de submarinos y veh\u00edculos submarinos no tripulados, as\u00ed como sistemas rob\u00f3ticos para la Armada.<\/p>\n<p style=\"text-align: justify;\">En reuni\u00f3n en la sede de la Flota del Pac\u00edfico, Shoig\u00fa comprob\u00f3 la aplicaci\u00f3n de la orden estatal de defensa en la planta Zvezda del Lejano Oriente y en la de helic\u00f3pteros Progress.<\/p>\n<p style=\"text-align: justify;\">Igualmente, el ministro se dirigi\u00f3 al cuartel general de la Flota del Pac\u00edfico para celebrar una reuni\u00f3n sobre los resultados del trabajo en las empresas del complejo militar-industrial de la regi\u00f3n del Lejano Oriente de Rusia.<\/p>\n<p>fm\/sm<\/p>\n","protected":false},"excerpt":{"rendered":"<p>Mosc\u00fa, 15 sep (SANA)\u00a0 El ministro de Defensa, Sergu\u00e9i Shoig\u00fa, revel\u00f3 hoy que Rusia desarrolla proyectos de submarinos y veh\u00edculos submarinos no tripulados, as\u00ed como sistemas rob\u00f3ticos para la Armada. En reuni\u00f3n en la sede de la Flota del Pac\u00edfico, Shoig\u00fa comprob\u00f3 la aplicaci\u00f3n de la orden estatal de defensa en la planta Zvezda del &hellip;<\/p>\n","protected":false},"author":39,"featured_media":308752,"comment_status":"closed","ping_status":"closed","sticky":false,"template":"","format":"standard","meta":{"footnotes":""},"categories":[597,456,16687,20724,7541],"tags":[],"class_list":["post-308750","post","type-post","status-publish","format-standard","has-post-thumbnail","","category-cinta-de-noticias","category-arabe-internacional-politica","category-internacionales","category-minuto-a-minuto","category-ultimas-noticias"],"_links":{"self":[{"href":"https:\/\/archive.sana.sy\/es\/index.php?rest_route=\/wp\/v2\/posts\/308750"}],"collection":[{"href":"https:\/\/archive.sana.sy\/es\/index.php?rest_route=\/wp\/v2\/posts"}],"about":[{"href":"https:\/\/archive.sana.sy\/es\/index.php?rest_route=\/wp\/v2\/types\/post"}],"author":[{"embeddable":true,"href":"https:\/\/archive.sana.sy\/es\/index.php?rest_route=\/wp\/v2\/users\/39"}],"replies":[{"embeddable":true,"href":"https:\/\/archive.sana.sy\/es\/index.php?rest_route=%2Fwp%2Fv2%2Fcomments&post=308750"}],"version-history":[{"count":1,"href":"https:\/\/archive.sana.sy\/es\/index.php?rest_route=\/wp\/v2\/posts\/308750\/revisions"}],"predecessor-version":[{"id":308753,"href":"https:\/\/archive.sana.sy\/es\/index.php?rest_route=\/wp\/v2\/posts\/308750\/revisions\/308753"}],"wp:featuredmedia":[{"embeddable":true,"href":"https:\/\/archive.sana.sy\/es\/index.php?rest_route=\/wp\/v2\/media\/308752"}],"wp:attachment":[{"href":"https:\/\/archive.sana.sy\/es\/index.php?rest_route=%2Fwp%2Fv2%2Fmedia&parent=308750"}],"wp:term":[{"taxonomy":"category","embeddable":true,"href":"https:\/\/archive.sana.sy\/es\/index.php?rest_route=%2Fwp%2Fv2%2Fcategories&post=308750"},{"taxonomy":"post_tag","embeddable":true,"href":"https:\/\/archive.sana.sy\/es\/index.php?rest_route=%2Fwp%2Fv2%2Ftags&post=308750"}],"curies":[{"name":"wp","href":"https:\/\/api.w.org\/{rel}","templated":true}]}}