{"id":308754,"date":"2023-09-15T16:01:06","date_gmt":"2023-09-15T13:01:06","guid":{"rendered":"http:\/\/sana.sy\/es\/?p=308754"},"modified":"2023-09-15T16:13:27","modified_gmt":"2023-09-15T13:13:27","slug":"la-danza-de-las-noticias-el-mundo-necesita-un-fuerte-corrientazo-para-que-despierte","status":"publish","type":"post","link":"https:\/\/archive.sana.sy\/es\/?p=308754","title":{"rendered":"La danza de las noticias.. el mundo necesita un fuerte corrientazo para que despierte"},"content":{"rendered":"<p style=\"text-align: justify;\"><span style=\"color: #800000;\"><strong>Damasco, 15 sep (SANA)<\/strong> \u00a0<\/span>Si Shakira se divorcia es noticia, si Mujica maneja su VW resulta atractivo, pero si critica el consumismo no lo es; si Messi golea inunda las redes, pero el hambre es hoy informaci\u00f3n del mont\u00f3n.<\/p>\n<p style=\"text-align: justify;\">Denunciar la pobreza no gana \u201clike\u201d en Facebook, Instagram o X, como tampoco llaman la atenci\u00f3n la sequ\u00eda en \u00c1frica, los asesinatos de palestinos, el abuso del medio ambiente \u2014debiera ser el miedo ambiente\u2014 o el despilfarro de comida en Europa.<\/p>\n<p style=\"text-align: justify;\">El desinter\u00e9s por los problemas trascendentales que enfrenta la humanidad surgi\u00f3 en una discusi\u00f3n reciente entre colegas, preocupados por el impacto que puedan generar las decisiones de la Cumbre del Grupo de los 77 y China, cuyos jefes de Estado y altos funcionarios se reunir\u00e1n por estos d\u00edas en La Habana.<\/p>\n<p style=\"text-align: justify;\">Un colega escuchaba deprimido, mientras desgajaban el futuro de su trabajo como periodista especializado en temas internacionales. Las noticias danzan m\u00e1s al ritmo de la far\u00e1ndula y la frivolidad que de las contingencias actuales.<\/p>\n<p style=\"text-align: justify;\">A d\u00f3nde iremos a parar, dijo, mientras otro le explicaba la realidad que vivimos: el acontecer pol\u00edtico internacional no aparece entre los temas y mucho menos entre las preocupaciones de la mayor\u00eda de los adolescentes y j\u00f3venes en el mundo.<\/p>\n<p style=\"text-align: justify;\">Y no es que \u00e9l \u00faltimo sea pesimista de filas, sino que se gu\u00eda por los \u201cnumeritos\u201d, los resultados de an\u00e1lisis y encuestas sobre los \u00edndices de lectura o acerca de los mayores atractivos para las nuevas generaciones, gran parte de ellas con la cabeza dentro de sus aparatos m\u00f3viles durante la mayor parte del d\u00eda.<\/p>\n<p style=\"text-align: justify;\">Seg\u00fan el estudio de Mazinn y Darwin &amp; Verne \u00abSpoilers para entender a la Generaci\u00f3n Z 2023\u00bb, afrontar la independencia econ\u00f3mica, buscar mayor privacidad en las redes y mostrar m\u00e1s inter\u00e9s por actividades no digitales, aparecen entre las cuestiones que movilizan a los j\u00f3venes este a\u00f1o.<\/p>\n<p style=\"text-align: justify;\">La batalla por ganar la motivaci\u00f3n de Milenial (nacidos de 1981 a 1997) y centenial (criados en un entorno puramente digital y tecnol\u00f3gico al llegar al mundo entre los a\u00f1os 1997 y el 2010) es dura, a pesar de campa\u00f1as nacionales y globales como la Agenda 2030 para el Desarrollo Sostenible.<\/p>\n<p style=\"text-align: justify;\">A los \u00faltimos les llaman la generaci\u00f3n del silencio porque, a diferencia de sus padres, quienes trataron de cambiar el sistema, prefieren adaptarse, laborar arduamente, sin participar, ni buscarse problemas, con la finalidad de ganarse la vida.<\/p>\n<p style=\"text-align: justify;\">A eso se suma la disminuci\u00f3n de la lectura como otro mal de la modernidad. Por citar ejemplos: En 2022, solo el 39,3 por ciento de los italianos con m\u00e1s de seis a\u00f1os de edad, ley\u00f3 al menos un libro anual, cifra inferior a la de 40,8 puntos porcentuales registrada en 2022, indic\u00f3 un reporte del Instituto Nacional de Estad\u00edsticas (Istat), publicado en mayo de este a\u00f1o.<\/p>\n<p style=\"text-align: justify;\">El an\u00e1lisis apunt\u00f3 que el 17,4 por ciento de los residentes en ese pa\u00eds son lectores d\u00e9biles, con un m\u00e1ximo de tres libros en un a\u00f1o, mientras que alcanzan solo 15,4 porcentuales los considerados en la categor\u00eda media, con hasta 11 obras le\u00eddas.<\/p>\n<p style=\"text-align: justify;\">Seg\u00fan el Instituto de Ciencias Sociales (ICS) de Lisboa, m\u00e1s de la mitad de los portugueses no leen libros. Una indagaci\u00f3n de 2020, realizada entre mayores de 15 a\u00f1os, arroj\u00f3 que ese a\u00f1o 61 por ciento de los ciudadanos no ley\u00f3 un solo libro en papel, 39 por ciento afirm\u00f3 haberlo le\u00eddo y la mayor\u00eda reconoci\u00f3 que lee poco.<\/p>\n<p style=\"text-align: justify;\">En M\u00e9xico, un informe del Instituto Nacional de Estad\u00edstica y Geograf\u00eda (Inegi) revel\u00f3 que la poblaci\u00f3n lee hoy menos que hace siete a\u00f1os. El documento se\u00f1al\u00f3 que los lectores mexicanos disminuyeron poco m\u00e1s de 12 por ciento desde 2016.<\/p>\n<p style=\"text-align: justify;\">Las alarmas se disparan, las crisis se agigantan y la derecha escala puestos, mientras las Tecnolog\u00edas de la Informaci\u00f3n y la Comunicaci\u00f3n (TIC) avanzan, el reguetonero Bad Bunny vende m\u00e1s discos y las hermanas Kardashian deslumbran con sus cuerpos ante m\u00e1s seguidores. Pareciera que el mundo necesita un fuerte corrientazo para que despierte.<\/p>\n<p style=\"text-align: justify;\"><strong>Por: Mario Mu\u00f1oz Lozano<\/strong><\/p>\n<p style=\"text-align: justify;\"><strong>Fuente: Prensa Latina<\/strong><\/p>\n","protected":false},"excerpt":{"rendered":"<p>Damasco, 15 sep (SANA) \u00a0Si Shakira se divorcia es noticia, si Mujica maneja su VW resulta atractivo, pero si critica el consumismo no lo es; si Messi golea inunda las redes, pero el hambre es hoy informaci\u00f3n del mont\u00f3n. Denunciar la pobreza no gana \u201clike\u201d en Facebook, Instagram o X, como tampoco llaman la atenci\u00f3n &hellip;<\/p>\n","protected":false},"author":39,"featured_media":308755,"comment_status":"closed","ping_status":"closed","sticky":false,"template":"","format":"standard","meta":{"footnotes":""},"categories":[16929,597,456,20724,583],"tags":[],"class_list":["post-308754","post","type-post","status-publish","format-standard","has-post-thumbnail","","category-articulos-de-opinion","category-cinta-de-noticias","category-arabe-internacional-politica","category-minuto-a-minuto","category-slide"],"_links":{"self":[{"href":"https:\/\/archive.sana.sy\/es\/index.php?rest_route=\/wp\/v2\/posts\/308754"}],"collection":[{"href":"https:\/\/archive.sana.sy\/es\/index.php?rest_route=\/wp\/v2\/posts"}],"about":[{"href":"https:\/\/archive.sana.sy\/es\/index.php?rest_route=\/wp\/v2\/types\/post"}],"author":[{"embeddable":true,"href":"https:\/\/archive.sana.sy\/es\/index.php?rest_route=\/wp\/v2\/users\/39"}],"replies":[{"embeddable":true,"href":"https:\/\/archive.sana.sy\/es\/index.php?rest_route=%2Fwp%2Fv2%2Fcomments&post=308754"}],"version-history":[{"count":1,"href":"https:\/\/archive.sana.sy\/es\/index.php?rest_route=\/wp\/v2\/posts\/308754\/revisions"}],"predecessor-version":[{"id":308756,"href":"https:\/\/archive.sana.sy\/es\/index.php?rest_route=\/wp\/v2\/posts\/308754\/revisions\/308756"}],"wp:featuredmedia":[{"embeddable":true,"href":"https:\/\/archive.sana.sy\/es\/index.php?rest_route=\/wp\/v2\/media\/308755"}],"wp:attachment":[{"href":"https:\/\/archive.sana.sy\/es\/index.php?rest_route=%2Fwp%2Fv2%2Fmedia&parent=308754"}],"wp:term":[{"taxonomy":"category","embeddable":true,"href":"https:\/\/archive.sana.sy\/es\/index.php?rest_route=%2Fwp%2Fv2%2Fcategories&post=308754"},{"taxonomy":"post_tag","embeddable":true,"href":"https:\/\/archive.sana.sy\/es\/index.php?rest_route=%2Fwp%2Fv2%2Ftags&post=308754"}],"curies":[{"name":"wp","href":"https:\/\/api.w.org\/{rel}","templated":true}]}}