{"id":308763,"date":"2023-09-15T17:56:03","date_gmt":"2023-09-15T14:56:03","guid":{"rendered":"http:\/\/sana.sy\/es\/?p=308763"},"modified":"2023-09-15T17:56:07","modified_gmt":"2023-09-15T14:56:07","slug":"soldados-israelies-hieren-y-arrestan-a-decenas-de-palestinos-en-jerusalen","status":"publish","type":"post","link":"https:\/\/archive.sana.sy\/es\/?p=308763","title":{"rendered":"Soldados israel\u00edes hieren y arrestan a decenas de palestinos en Jerusal\u00e9n"},"content":{"rendered":"<p style=\"text-align: justify;\"><span style=\"color: #800000;\"><strong>Jerusal\u00e9n ocupada, 15 sep (SANA)\u00a0<\/strong> <\/span>Decenas de palestinos resultaron heridos y otros cinco fueron arrestados hoy durante el asalto de las fuerzas de ocupaci\u00f3n israel\u00edes a la ciudad ocupada de Jerusal\u00e9n.<\/p>\n<p style=\"text-align: justify;\">La Agencia palestina de noticias Wafa inform\u00f3 que los militares del ocupante irrumpieron en la ciudad de Abu Al Dis, al este de Jerusal\u00e9n, y dispararon contra los residentes all\u00ed y les lanzaron bombas de gas t\u00f3xico, los que provoc\u00f3 la asfixia de decenas, adem\u00e1s del arresto cinco j\u00f3venes.<\/p>\n<p style=\"text-align: justify;\">Ayer, las tropas de ocupaci\u00f3n capturaron a 16 palestinos en varias localidades de Cisjordania y la Franja de Gaza.<\/p>\n<p style=\"text-align: justify;\">sm<\/p>\n","protected":false},"excerpt":{"rendered":"<p>Jerusal\u00e9n ocupada, 15 sep (SANA)\u00a0 Decenas de palestinos resultaron heridos y otros cinco fueron arrestados hoy durante el asalto de las fuerzas de ocupaci\u00f3n israel\u00edes a la ciudad ocupada de Jerusal\u00e9n. La Agencia palestina de noticias Wafa inform\u00f3 que los militares del ocupante irrumpieron en la ciudad de Abu Al Dis, al este de Jerusal\u00e9n, &hellip;<\/p>\n","protected":false},"author":39,"featured_media":308764,"comment_status":"closed","ping_status":"closed","sticky":false,"template":"","format":"standard","meta":{"footnotes":""},"categories":[597,456,16687,20724,7541],"tags":[],"class_list":["post-308763","post","type-post","status-publish","format-standard","has-post-thumbnail","","category-cinta-de-noticias","category-arabe-internacional-politica","category-internacionales","category-minuto-a-minuto","category-ultimas-noticias"],"_links":{"self":[{"href":"https:\/\/archive.sana.sy\/es\/index.php?rest_route=\/wp\/v2\/posts\/308763"}],"collection":[{"href":"https:\/\/archive.sana.sy\/es\/index.php?rest_route=\/wp\/v2\/posts"}],"about":[{"href":"https:\/\/archive.sana.sy\/es\/index.php?rest_route=\/wp\/v2\/types\/post"}],"author":[{"embeddable":true,"href":"https:\/\/archive.sana.sy\/es\/index.php?rest_route=\/wp\/v2\/users\/39"}],"replies":[{"embeddable":true,"href":"https:\/\/archive.sana.sy\/es\/index.php?rest_route=%2Fwp%2Fv2%2Fcomments&post=308763"}],"version-history":[{"count":1,"href":"https:\/\/archive.sana.sy\/es\/index.php?rest_route=\/wp\/v2\/posts\/308763\/revisions"}],"predecessor-version":[{"id":308765,"href":"https:\/\/archive.sana.sy\/es\/index.php?rest_route=\/wp\/v2\/posts\/308763\/revisions\/308765"}],"wp:featuredmedia":[{"embeddable":true,"href":"https:\/\/archive.sana.sy\/es\/index.php?rest_route=\/wp\/v2\/media\/308764"}],"wp:attachment":[{"href":"https:\/\/archive.sana.sy\/es\/index.php?rest_route=%2Fwp%2Fv2%2Fmedia&parent=308763"}],"wp:term":[{"taxonomy":"category","embeddable":true,"href":"https:\/\/archive.sana.sy\/es\/index.php?rest_route=%2Fwp%2Fv2%2Fcategories&post=308763"},{"taxonomy":"post_tag","embeddable":true,"href":"https:\/\/archive.sana.sy\/es\/index.php?rest_route=%2Fwp%2Fv2%2Ftags&post=308763"}],"curies":[{"name":"wp","href":"https:\/\/api.w.org\/{rel}","templated":true}]}}