{"id":308778,"date":"2023-09-16T16:12:44","date_gmt":"2023-09-16T13:12:44","guid":{"rendered":"http:\/\/sana.sy\/es\/?p=308778"},"modified":"2023-09-16T21:07:36","modified_gmt":"2023-09-16T18:07:36","slug":"palestina-insta-a-detener-agresiones-de-israel-contra-los-periodistas","status":"publish","type":"post","link":"https:\/\/archive.sana.sy\/es\/?p=308778","title":{"rendered":"Palestina insta a detener agresiones de \u201cIsrael\u201d contra los periodistas"},"content":{"rendered":"<blockquote>\n<p style=\"text-align: justify;\"><span style=\"color: #993300;\">\u201cCondenamos en\u00e9rgicamente los actos hostiles de las fuerzas de ocupaci\u00f3n israel\u00edes contra los periodistas durante su cobertura a las violaciones israel\u00edes contra el pueblo palestino en la sitiada Franja de Gaza\u201d, indic\u00f3 el Sindicato de Periodistas por medio de un comunicado.<\/span><\/p>\n<\/blockquote>\n<p style=\"text-align: justify;\"><span style=\"color: #800000;\"><strong>Jerusal\u00e9n ocupada, 16 sep (SANA)<\/strong><\/span> La Asociaci\u00f3n de Periodistas Palestinos reiter\u00f3 su llamado a la comunidad internacional y a las organizaciones de derechos humanos para que asuman sus responsabilidades y presionen a las autoridades de ocupaci\u00f3n israel\u00ed para poner fin a sus ataques contra periodistas y responsabilizar a los autores de dichos actos.<\/p>\n<p style=\"text-align: justify;\">\u201cCondenamos en\u00e9rgicamente los actos hostiles de las fuerzas de ocupaci\u00f3n israel\u00edes contra los periodistas durante su cobertura a las violaciones israel\u00edes contra el pueblo palestino en la sitiada Franja de Gaza\u201d, indic\u00f3 el Sindicato por medio de un comunicado.<\/p>\n<p style=\"text-align: justify;\">Aclar\u00f3 que los ataques israel\u00edes causaron lesiones al periodista Ashraf Abu Amra mientras realizaba su trabajo al este de Khan Yunis, as\u00ed como varios de sus colegas sufrieron casos de asfixia debido a la violencia israel\u00ed.<\/p>\n<p style=\"text-align: justify;\"><em><strong>fm\/ah<\/strong><\/em><\/p>\n","protected":false},"excerpt":{"rendered":"<p>\u201cCondenamos en\u00e9rgicamente los actos hostiles de las fuerzas de ocupaci\u00f3n israel\u00edes contra los periodistas durante su cobertura a las violaciones israel\u00edes contra el pueblo palestino en la sitiada Franja de Gaza\u201d, indic\u00f3 el Sindicato de Periodistas por medio de un comunicado. Jerusal\u00e9n ocupada, 16 sep (SANA) La Asociaci\u00f3n de Periodistas Palestinos reiter\u00f3 su llamado a &hellip;<\/p>\n","protected":false},"author":30,"featured_media":308779,"comment_status":"closed","ping_status":"closed","sticky":false,"template":"","format":"standard","meta":{"footnotes":""},"categories":[597,456,16687,20724,583],"tags":[],"class_list":["post-308778","post","type-post","status-publish","format-standard","has-post-thumbnail","","category-cinta-de-noticias","category-arabe-internacional-politica","category-internacionales","category-minuto-a-minuto","category-slide"],"_links":{"self":[{"href":"https:\/\/archive.sana.sy\/es\/index.php?rest_route=\/wp\/v2\/posts\/308778"}],"collection":[{"href":"https:\/\/archive.sana.sy\/es\/index.php?rest_route=\/wp\/v2\/posts"}],"about":[{"href":"https:\/\/archive.sana.sy\/es\/index.php?rest_route=\/wp\/v2\/types\/post"}],"author":[{"embeddable":true,"href":"https:\/\/archive.sana.sy\/es\/index.php?rest_route=\/wp\/v2\/users\/30"}],"replies":[{"embeddable":true,"href":"https:\/\/archive.sana.sy\/es\/index.php?rest_route=%2Fwp%2Fv2%2Fcomments&post=308778"}],"version-history":[{"count":2,"href":"https:\/\/archive.sana.sy\/es\/index.php?rest_route=\/wp\/v2\/posts\/308778\/revisions"}],"predecessor-version":[{"id":308845,"href":"https:\/\/archive.sana.sy\/es\/index.php?rest_route=\/wp\/v2\/posts\/308778\/revisions\/308845"}],"wp:featuredmedia":[{"embeddable":true,"href":"https:\/\/archive.sana.sy\/es\/index.php?rest_route=\/wp\/v2\/media\/308779"}],"wp:attachment":[{"href":"https:\/\/archive.sana.sy\/es\/index.php?rest_route=%2Fwp%2Fv2%2Fmedia&parent=308778"}],"wp:term":[{"taxonomy":"category","embeddable":true,"href":"https:\/\/archive.sana.sy\/es\/index.php?rest_route=%2Fwp%2Fv2%2Fcategories&post=308778"},{"taxonomy":"post_tag","embeddable":true,"href":"https:\/\/archive.sana.sy\/es\/index.php?rest_route=%2Fwp%2Fv2%2Ftags&post=308778"}],"curies":[{"name":"wp","href":"https:\/\/api.w.org\/{rel}","templated":true}]}}