{"id":30881,"date":"2015-10-01T12:35:02","date_gmt":"2015-10-01T09:35:02","guid":{"rendered":"http:\/\/sana.sy\/es\/?p=30881"},"modified":"2015-10-01T12:35:02","modified_gmt":"2015-10-01T09:35:02","slug":"puchkov-rusia-y-siria-fortaleceran-el-dialogo-parlamentario-entre-si","status":"publish","type":"post","link":"https:\/\/archive.sana.sy\/es\/?p=30881","title":{"rendered":"Puchkov: Rusia y Siria fortalecer\u00e1n el di\u00e1logo parlamentario entre s\u00ed"},"content":{"rendered":"<p><span style=\"color: #800000\">Mosc\u00fa, SANA<\/span><\/p>\n<p>El presidente de la Comisi\u00f3n de Relaciones Internacionales de la Duma rusa, Alexei Pushkov, dijo que las partes rusa y siria intensificar\u00e1n los contactos parlamentarios bilaterales muy pronto.<\/p>\n<p>En una entrevista a la agencia rusa &#8220;Itar Tass&#8221;, Puchkov dijo: &#8220;contin\u00faan los contactos rusos con los parlamentarios sirios y no descartamos una nueva etapa en la que esos contactos ser\u00e1n amplios y m\u00e1s regulares m\u00e1s amplios y m\u00e1s.&#8221;<\/p>\n<p>El ministerio de Defensa de Rusia hab\u00eda anunciado el mi\u00e9rcoles el inicio de los ataques a\u00e9reos rusos contra los sitios de la organizaci\u00f3n terrorista del EI en Siria.<\/p>\n<p><span style=\"color: #00ccff\">Fady M., Hala B.<\/span><\/p>\n","protected":false},"excerpt":{"rendered":"<p>Mosc\u00fa, SANA El presidente de la Comisi\u00f3n de Relaciones Internacionales de la Duma rusa, Alexei Pushkov, dijo que las partes rusa y siria intensificar\u00e1n los contactos parlamentarios bilaterales muy pronto. En una entrevista a la agencia rusa &#8220;Itar Tass&#8221;, Puchkov dijo: &#8220;contin\u00faan los contactos rusos con los parlamentarios sirios y no descartamos una nueva etapa &hellip;<\/p>\n","protected":false},"author":1,"featured_media":30882,"comment_status":"closed","ping_status":"closed","sticky":false,"template":"","format":"standard","meta":{"footnotes":""},"categories":[456,457,576],"tags":[6854],"class_list":["post-30881","post","type-post","status-publish","format-standard","has-post-thumbnail","","category-arabe-internacional-politica","category-noticias-arabe-internacional-politica","category-noticias-politicas","tag-puchkov-rusia-y-siria-fortaleceran-el-dialogo-parlamentario-entre-si"],"_links":{"self":[{"href":"https:\/\/archive.sana.sy\/es\/index.php?rest_route=\/wp\/v2\/posts\/30881"}],"collection":[{"href":"https:\/\/archive.sana.sy\/es\/index.php?rest_route=\/wp\/v2\/posts"}],"about":[{"href":"https:\/\/archive.sana.sy\/es\/index.php?rest_route=\/wp\/v2\/types\/post"}],"author":[{"embeddable":true,"href":"https:\/\/archive.sana.sy\/es\/index.php?rest_route=\/wp\/v2\/users\/1"}],"replies":[{"embeddable":true,"href":"https:\/\/archive.sana.sy\/es\/index.php?rest_route=%2Fwp%2Fv2%2Fcomments&post=30881"}],"version-history":[{"count":0,"href":"https:\/\/archive.sana.sy\/es\/index.php?rest_route=\/wp\/v2\/posts\/30881\/revisions"}],"wp:featuredmedia":[{"embeddable":true,"href":"https:\/\/archive.sana.sy\/es\/index.php?rest_route=\/wp\/v2\/media\/30882"}],"wp:attachment":[{"href":"https:\/\/archive.sana.sy\/es\/index.php?rest_route=%2Fwp%2Fv2%2Fmedia&parent=30881"}],"wp:term":[{"taxonomy":"category","embeddable":true,"href":"https:\/\/archive.sana.sy\/es\/index.php?rest_route=%2Fwp%2Fv2%2Fcategories&post=30881"},{"taxonomy":"post_tag","embeddable":true,"href":"https:\/\/archive.sana.sy\/es\/index.php?rest_route=%2Fwp%2Fv2%2Ftags&post=30881"}],"curies":[{"name":"wp","href":"https:\/\/api.w.org\/{rel}","templated":true}]}}