{"id":308830,"date":"2023-09-16T17:30:53","date_gmt":"2023-09-16T14:30:53","guid":{"rendered":"http:\/\/sana.sy\/es\/?p=308830"},"modified":"2023-09-16T19:00:46","modified_gmt":"2023-09-16T16:00:46","slug":"burkina-faso-expulsa-al-agregado-militar-de-francia","status":"publish","type":"post","link":"https:\/\/archive.sana.sy\/es\/?p=308830","title":{"rendered":"Burkina Faso expulsa al agregado militar de Francia"},"content":{"rendered":"<blockquote>\n<p style=\"text-align: justify;\"><span style=\"color: #993300;\">Un comunicado del Ministerio de Relaciones Exteriores indic\u00f3 que al funcionario galo se le exigi\u00f3 que abandone el territorio nacional en un plazo de dos semanas por comportamiento subversivo, difundi\u00f3 el portal digital Jeune Afrique.<\/span><\/p>\n<\/blockquote>\n<p style=\"text-align: justify;\"><span style=\"color: #800000;\"><strong>Uagadug\u00fa, 16 sep (SANA)<\/strong><\/span>\u00a0 \u00a0La gobernante Junta Militar en Burkina Faso decret\u00f3 la expulsi\u00f3n del agregado de Defensa de la Embajada de Francia en este pa\u00eds, Emmanuel Pasquier, lo cual aumenta las tensiones entre ambos estados.<\/p>\n<p style=\"text-align: justify;\">Citado por Prensa Latina, un comunicado del Ministerio de Relaciones Exteriores indic\u00f3 que al funcionario galo se le exigi\u00f3 que abandone el territorio nacional en un plazo de dos semanas por comportamiento subversivo, difundi\u00f3 el portal digital Jeune Afrique.<\/p>\n<p style=\"text-align: justify;\">En diciembre del pasado a\u00f1o, la junta militar burkinesa pidi\u00f3 a Par\u00eds que sustituyera al embajador Luc Hallade, reproch\u00e1ndole haber informado p\u00fablicamente sobre el deterioro de la situaci\u00f3n de seguridad en el pa\u00eds, asolado por la violencia de grupos extremistas. Sin embargo, el gobierno franc\u00e9s decidi\u00f3 mantener en su puesto al diplom\u00e1tico, asignado al pa\u00eds africano en 2019.<\/p>\n<p style=\"text-align: justify;\">Tambi\u00e9n, en febrero de este a\u00f1o, el Ejecutivo galo anunci\u00f3 la retirada de la fuerza militar especial desplegada en territorio de Burkina Faso, en medio de actos de repudio populares contra la presencia de ese contingente militar.<\/p>\n<p style=\"text-align: justify;\">En el vecino N\u00edger, la actual gobernante Junta Militar orden\u00f3 en agosto \u00faltimo la expulsi\u00f3n del embajador franc\u00e9s, lo cual denota que existe un sentimiento casi generalizado contra la presencia de tropas y empresas del estado europeo en \u00c1frica, seg\u00fan observadores.<\/p>\n<p style=\"text-align: justify;\">\n<p style=\"text-align: justify;\">fm\/rr<\/p>\n","protected":false},"excerpt":{"rendered":"<p>Un comunicado del Ministerio de Relaciones Exteriores indic\u00f3 que al funcionario galo se le exigi\u00f3 que abandone el territorio nacional en un plazo de dos semanas por comportamiento subversivo, difundi\u00f3 el portal digital Jeune Afrique. Uagadug\u00fa, 16 sep (SANA)\u00a0 \u00a0La gobernante Junta Militar en Burkina Faso decret\u00f3 la expulsi\u00f3n del agregado de Defensa de la &hellip;<\/p>\n","protected":false},"author":31,"featured_media":308831,"comment_status":"closed","ping_status":"closed","sticky":false,"template":"","format":"standard","meta":{"footnotes":""},"categories":[597,456,16687,7541],"tags":[21895,8644],"class_list":["post-308830","post","type-post","status-publish","format-standard","has-post-thumbnail","","category-cinta-de-noticias","category-arabe-internacional-politica","category-internacionales","category-ultimas-noticias","tag-burkina-faso","tag-francia"],"_links":{"self":[{"href":"https:\/\/archive.sana.sy\/es\/index.php?rest_route=\/wp\/v2\/posts\/308830"}],"collection":[{"href":"https:\/\/archive.sana.sy\/es\/index.php?rest_route=\/wp\/v2\/posts"}],"about":[{"href":"https:\/\/archive.sana.sy\/es\/index.php?rest_route=\/wp\/v2\/types\/post"}],"author":[{"embeddable":true,"href":"https:\/\/archive.sana.sy\/es\/index.php?rest_route=\/wp\/v2\/users\/31"}],"replies":[{"embeddable":true,"href":"https:\/\/archive.sana.sy\/es\/index.php?rest_route=%2Fwp%2Fv2%2Fcomments&post=308830"}],"version-history":[{"count":1,"href":"https:\/\/archive.sana.sy\/es\/index.php?rest_route=\/wp\/v2\/posts\/308830\/revisions"}],"predecessor-version":[{"id":308832,"href":"https:\/\/archive.sana.sy\/es\/index.php?rest_route=\/wp\/v2\/posts\/308830\/revisions\/308832"}],"wp:featuredmedia":[{"embeddable":true,"href":"https:\/\/archive.sana.sy\/es\/index.php?rest_route=\/wp\/v2\/media\/308831"}],"wp:attachment":[{"href":"https:\/\/archive.sana.sy\/es\/index.php?rest_route=%2Fwp%2Fv2%2Fmedia&parent=308830"}],"wp:term":[{"taxonomy":"category","embeddable":true,"href":"https:\/\/archive.sana.sy\/es\/index.php?rest_route=%2Fwp%2Fv2%2Fcategories&post=308830"},{"taxonomy":"post_tag","embeddable":true,"href":"https:\/\/archive.sana.sy\/es\/index.php?rest_route=%2Fwp%2Fv2%2Ftags&post=308830"}],"curies":[{"name":"wp","href":"https:\/\/api.w.org\/{rel}","templated":true}]}}