{"id":308833,"date":"2023-09-16T19:46:59","date_gmt":"2023-09-16T16:46:59","guid":{"rendered":"http:\/\/sana.sy\/es\/?p=308833"},"modified":"2023-09-16T19:46:59","modified_gmt":"2023-09-16T16:46:59","slug":"siria-aboga-en-cumbre-de-g77-por-orden-mundial-mas-justo","status":"publish","type":"post","link":"https:\/\/archive.sana.sy\/es\/?p=308833","title":{"rendered":"Siria aboga en Cumbre de G77 por orden mundial m\u00e1s justo"},"content":{"rendered":"<p style=\"text-align: justify;\"><span style=\"color: #800000;\"><strong>La Habana, 16 sep (SANA)\u00a0<\/strong> E<\/span>l jefe de la delegaci\u00f3n siria en la Cumbre del Grupo 77 y China, el ministro de Finanzas, Kinan Yaghi, dijo hoy que los pa\u00edses del Sur necesitan un orden global m\u00e1s justo.<\/p>\n<p>Los problemas y desaf\u00edos que enfrentan nuestros pa\u00edses desenmascararon el actual sistema mundial y revelaron la ausencia de justicia en el mismo, agreg\u00f3 el titular en declaraciones al canal pan\u00e1rabe Al-Mayedeen, citadas por la agencia cubana Prensa Latina.<\/p>\n<p style=\"text-align: justify;\">Asegur\u00f3 que la presencia de Siria en la Cumbre es una confirmaci\u00f3n de su compromiso con los principios y objetivos del bloque. Debemos unir nuestras voces como pa\u00edses del Sur y en v\u00eda de desarrollo, puntualiz\u00f3.<\/p>\n<p style=\"text-align: justify;\">Yaghi revel\u00f3 que durante este encuentro Damasco comenz\u00f3 a preparar proyectos de acuerdos para la cooperaci\u00f3n bilateral con los pa\u00edses que conforman el Grupo.<\/p>\n<p style=\"text-align: justify;\">Compartimos valores comunes y disponemos de suficientes para asegurar las necesidades y los recursos para los pa\u00edses del Grupo, consider\u00f3.<\/p>\n<p style=\"text-align: justify;\">Asimismo, esper\u00f3 que la Cumbre sea un hito en la acci\u00f3n internacional y un punto de apoyo para el cambio que redunde en beneficio de los pa\u00edses del Sur Global.<\/p>\n<div id='gallery-1' class='gallery galleryid-308833 gallery-columns-1 gallery-size-full'><figure class='gallery-item'>\n\t\t\t<div class='gallery-icon landscape'>\n\t\t\t\t<a href='https:\/\/archive.sana.sy\/es\/wp-content\/uploads\/2023\/09\/yaghi-cuba.jpg'><img loading=\"lazy\" decoding=\"async\" width=\"1000\" height=\"750\" src=\"https:\/\/archive.sana.sy\/es\/wp-content\/uploads\/2023\/09\/yaghi-cuba.jpg\" class=\"attachment-full size-full\" alt=\"\" srcset=\"https:\/\/archive.sana.sy\/es\/wp-content\/uploads\/2023\/09\/yaghi-cuba.jpg 1000w, https:\/\/archive.sana.sy\/es\/wp-content\/uploads\/2023\/09\/yaghi-cuba-300x225.jpg 300w, https:\/\/archive.sana.sy\/es\/wp-content\/uploads\/2023\/09\/yaghi-cuba-150x113.jpg 150w, https:\/\/archive.sana.sy\/es\/wp-content\/uploads\/2023\/09\/yaghi-cuba-768x576.jpg 768w\" sizes=\"(max-width: 1000px) 100vw, 1000px\" \/><\/a>\n\t\t\t<\/div><\/figure>\n\t\t<\/div>\n\n<p style=\"text-align: justify;\">fm\/rr<\/p>\n","protected":false},"excerpt":{"rendered":"<p>La Habana, 16 sep (SANA)\u00a0 El jefe de la delegaci\u00f3n siria en la Cumbre del Grupo 77 y China, el ministro de Finanzas, Kinan Yaghi, dijo hoy que los pa\u00edses del Sur necesitan un orden global m\u00e1s justo. Los problemas y desaf\u00edos que enfrentan nuestros pa\u00edses desenmascararon el actual sistema mundial y revelaron la ausencia &hellip;<\/p>\n","protected":false},"author":31,"featured_media":308834,"comment_status":"closed","ping_status":"closed","sticky":false,"template":"","format":"standard","meta":{"footnotes":""},"categories":[597,467,583],"tags":[6868,22370,12251,6553],"class_list":["post-308833","post","type-post","status-publish","format-standard","has-post-thumbnail","","category-cinta-de-noticias","category-siria-y-el-mundo","category-slide","tag-cuba","tag-g77","tag-la-habana","tag-siria"],"_links":{"self":[{"href":"https:\/\/archive.sana.sy\/es\/index.php?rest_route=\/wp\/v2\/posts\/308833"}],"collection":[{"href":"https:\/\/archive.sana.sy\/es\/index.php?rest_route=\/wp\/v2\/posts"}],"about":[{"href":"https:\/\/archive.sana.sy\/es\/index.php?rest_route=\/wp\/v2\/types\/post"}],"author":[{"embeddable":true,"href":"https:\/\/archive.sana.sy\/es\/index.php?rest_route=\/wp\/v2\/users\/31"}],"replies":[{"embeddable":true,"href":"https:\/\/archive.sana.sy\/es\/index.php?rest_route=%2Fwp%2Fv2%2Fcomments&post=308833"}],"version-history":[{"count":2,"href":"https:\/\/archive.sana.sy\/es\/index.php?rest_route=\/wp\/v2\/posts\/308833\/revisions"}],"predecessor-version":[{"id":308837,"href":"https:\/\/archive.sana.sy\/es\/index.php?rest_route=\/wp\/v2\/posts\/308833\/revisions\/308837"}],"wp:featuredmedia":[{"embeddable":true,"href":"https:\/\/archive.sana.sy\/es\/index.php?rest_route=\/wp\/v2\/media\/308834"}],"wp:attachment":[{"href":"https:\/\/archive.sana.sy\/es\/index.php?rest_route=%2Fwp%2Fv2%2Fmedia&parent=308833"}],"wp:term":[{"taxonomy":"category","embeddable":true,"href":"https:\/\/archive.sana.sy\/es\/index.php?rest_route=%2Fwp%2Fv2%2Fcategories&post=308833"},{"taxonomy":"post_tag","embeddable":true,"href":"https:\/\/archive.sana.sy\/es\/index.php?rest_route=%2Fwp%2Fv2%2Ftags&post=308833"}],"curies":[{"name":"wp","href":"https:\/\/api.w.org\/{rel}","templated":true}]}}