{"id":308838,"date":"2023-09-16T17:45:50","date_gmt":"2023-09-16T14:45:50","guid":{"rendered":"http:\/\/sana.sy\/es\/?p=308838"},"modified":"2023-09-16T20:23:56","modified_gmt":"2023-09-16T17:23:56","slug":"recuperan-los-cuerpos-de-casi-4000-desaparecidos-por-la-tormenta-daniel-en-libia-afirma-oms","status":"publish","type":"post","link":"https:\/\/archive.sana.sy\/es\/?p=308838","title":{"rendered":"Recuperan los cuerpos de casi 4,000 desaparecidos por la tormenta Daniel en Libia, afirma OMS"},"content":{"rendered":"<p style=\"text-align: justify;\"><span style=\"color: #800000;\"><strong>Ginebra, 16 sep (SANA)\u00a0 \u00a0<\/strong><\/span>La Organizaci\u00f3n Mundial de la Salud (OMS) revel\u00f3 hoy que, hasta la fecha, se han recuperado los cuerpos de 3.958 v\u00edctimas, mientras m\u00e1s de otras 9,000 siguen desaparecidas en la ciudad de Derna, como consecuencia del hurac\u00e1n Daniel, que azot\u00f3 el este de Libia.<\/p>\n<p style=\"text-align: justify;\">\u201cLos equipos de la OMS est\u00e1n trabajando con el Ministerio de Salud para localizar a los muertos y desaparecidos, y el n\u00famero de v\u00edctimas podr\u00eda aumentar a medida que los equipos de b\u00fasqueda y rescate recuperen m\u00e1s cad\u00e1veres\u201d, indic\u00f3 la OMS citada por la agencia rusa Novosti.<\/p>\n<p style=\"text-align: justify;\">El domingo pasado, la tormenta mediterr\u00e1nea Daniel azot\u00f3 el este de Libia, especialmente la costa de la regi\u00f3n Al-Jabal Al-Akhdar. El Consejo Presidencial de Libia anunci\u00f3 en un comunicado que Derna, Shahat y Al-Bayda en Cirenaica, en el noreste de esta naci\u00f3n \u00e1rabe, eran zonas de desastre debido a las inundaciones que las asolaron.<\/p>\n<p style=\"text-align: justify;\">rr\/fm<\/p>\n","protected":false},"excerpt":{"rendered":"<p>Ginebra, 16 sep (SANA)\u00a0 \u00a0La Organizaci\u00f3n Mundial de la Salud (OMS) revel\u00f3 hoy que, hasta la fecha, se han recuperado los cuerpos de 3.958 v\u00edctimas, mientras m\u00e1s de otras 9,000 siguen desaparecidas en la ciudad de Derna, como consecuencia del hurac\u00e1n Daniel, que azot\u00f3 el este de Libia. \u201cLos equipos de la OMS est\u00e1n trabajando &hellip;<\/p>\n","protected":false},"author":31,"featured_media":308839,"comment_status":"closed","ping_status":"closed","sticky":false,"template":"","format":"standard","meta":{"footnotes":""},"categories":[597,456,16687,7541],"tags":[22371,5067,21327],"class_list":["post-308838","post","type-post","status-publish","format-standard","has-post-thumbnail","","category-cinta-de-noticias","category-arabe-internacional-politica","category-internacionales","category-ultimas-noticias","tag-daniel","tag-libia","tag-tormenta"],"_links":{"self":[{"href":"https:\/\/archive.sana.sy\/es\/index.php?rest_route=\/wp\/v2\/posts\/308838"}],"collection":[{"href":"https:\/\/archive.sana.sy\/es\/index.php?rest_route=\/wp\/v2\/posts"}],"about":[{"href":"https:\/\/archive.sana.sy\/es\/index.php?rest_route=\/wp\/v2\/types\/post"}],"author":[{"embeddable":true,"href":"https:\/\/archive.sana.sy\/es\/index.php?rest_route=\/wp\/v2\/users\/31"}],"replies":[{"embeddable":true,"href":"https:\/\/archive.sana.sy\/es\/index.php?rest_route=%2Fwp%2Fv2%2Fcomments&post=308838"}],"version-history":[{"count":1,"href":"https:\/\/archive.sana.sy\/es\/index.php?rest_route=\/wp\/v2\/posts\/308838\/revisions"}],"predecessor-version":[{"id":308840,"href":"https:\/\/archive.sana.sy\/es\/index.php?rest_route=\/wp\/v2\/posts\/308838\/revisions\/308840"}],"wp:featuredmedia":[{"embeddable":true,"href":"https:\/\/archive.sana.sy\/es\/index.php?rest_route=\/wp\/v2\/media\/308839"}],"wp:attachment":[{"href":"https:\/\/archive.sana.sy\/es\/index.php?rest_route=%2Fwp%2Fv2%2Fmedia&parent=308838"}],"wp:term":[{"taxonomy":"category","embeddable":true,"href":"https:\/\/archive.sana.sy\/es\/index.php?rest_route=%2Fwp%2Fv2%2Fcategories&post=308838"},{"taxonomy":"post_tag","embeddable":true,"href":"https:\/\/archive.sana.sy\/es\/index.php?rest_route=%2Fwp%2Fv2%2Ftags&post=308838"}],"curies":[{"name":"wp","href":"https:\/\/api.w.org\/{rel}","templated":true}]}}