{"id":308846,"date":"2023-09-17T06:51:48","date_gmt":"2023-09-17T03:51:48","guid":{"rendered":"http:\/\/sana.sy\/es\/?p=308846"},"modified":"2023-09-17T06:51:48","modified_gmt":"2023-09-17T03:51:48","slug":"siria-exige-ante-el-grupo-77-y-china-un-nuevo-orden-mundial-economico-mas-justo","status":"publish","type":"post","link":"https:\/\/archive.sana.sy\/es\/?p=308846","title":{"rendered":"Siria exige ante el Grupo 77 y China un nuevo orden mundial econ\u00f3mico m\u00e1s justo"},"content":{"rendered":"<p style=\"text-align: justify;\"><span style=\"color: #800000;\"><strong>La Habana, 16 sep (SANA)\u00a0<\/strong><\/span> El Gobierno sirio reiter\u00f3 hoy su demanda de levantar inmediata, completa e incondicionalmente las medidas coercitivas unilaterales ilegales, el bloqueo estadounidense y las sanciones impuestas a muchos pa\u00edses del mundo.<\/p>\n<p style=\"text-align: justify;\"><span style=\"color: #000080;\"><strong>Yaghi: La Cumbre que acoge Cuba es un hito en los esfuerzos conjuntos<\/strong><\/span><\/p>\n<p style=\"text-align: justify;\">En su discurso ante la cumbre del Grupo 77 y China celebrada en La Habana, la capital cubana, el ministro sirio de Finanzas, Kinan Yaghi,\u00a0 inst\u00f3 al establecimiento de un nuevo orden econ\u00f3mico internacional m\u00e1s justo y desarrollar la actual situaci\u00f3n econ\u00f3mica y social de los pa\u00edses de este bloque de manera que responda a las aspiraciones de sus pueblos de vivir en bienestar y paz.<\/p>\n<p style=\"text-align: justify;\">El Titular transmiti\u00f3 los saludos del presidente Bashar al-Assad y sus mejores deseos al presidente y al pueblo de la amiga Rep\u00fablica de Cuba, y su agradecimiento y reconocimiento por su papel positivo y constructivo en la promoci\u00f3n de la acci\u00f3n multilateral, y por su iniciativa de celebrar esta cumbre, que calific\u00f3 de sumamente importante para lograr el desarrollo sostenible.<\/p>\n<p style=\"text-align: justify;\">\u201cEste evento ser\u00e1 un hito en los esfuerzos conjuntos en estos tiempos dif\u00edciles en el escenario internacional, y adem\u00e1s, sus resultados contribuir\u00e1n a apoyar las causas justas de los pa\u00edses del Sur, incluido su derecho a acceder a tecnolog\u00edas y ciencias modernas y a emplear tecnolog\u00eda e innovaci\u00f3n para alcanzar los objetivos de desarrollo sostenible\u201d, consider\u00f3 Yaghi.<\/p>\n<p style=\"text-align: justify;\"><span style=\"color: #000080;\"><strong>Yaghi: condenamos el bloqueo inhumano e ilegal impuesto por Estados Unidos a Cuba y otros pa\u00edses<\/strong><\/span><\/p>\n<p style=\"text-align: justify;\"><img loading=\"lazy\" decoding=\"async\" class=\"size-medium wp-image-308847 alignleft\" src=\"http:\/\/sana.sy\/es\/wp-content\/uploads\/2023\/09\/378121727_311378974807240_2129124157764142197_n-300x184.jpg\" alt=\"\" width=\"300\" height=\"184\" srcset=\"https:\/\/archive.sana.sy\/es\/wp-content\/uploads\/2023\/09\/378121727_311378974807240_2129124157764142197_n-300x184.jpg 300w, https:\/\/archive.sana.sy\/es\/wp-content\/uploads\/2023\/09\/378121727_311378974807240_2129124157764142197_n-1024x627.jpg 1024w, https:\/\/archive.sana.sy\/es\/wp-content\/uploads\/2023\/09\/378121727_311378974807240_2129124157764142197_n-150x92.jpg 150w, https:\/\/archive.sana.sy\/es\/wp-content\/uploads\/2023\/09\/378121727_311378974807240_2129124157764142197_n-768x471.jpg 768w, https:\/\/archive.sana.sy\/es\/wp-content\/uploads\/2023\/09\/378121727_311378974807240_2129124157764142197_n-1536x941.jpg 1536w, https:\/\/archive.sana.sy\/es\/wp-content\/uploads\/2023\/09\/378121727_311378974807240_2129124157764142197_n.jpg 1629w\" sizes=\"(max-width: 300px) 100vw, 300px\" \/> El jefe de la delegaci\u00f3n siria elogi\u00f3 las estrechas e hist\u00f3ricas relaciones bilaterales que unen a Siria con Cuba y con el resto de los pa\u00edses amigos miembros de ese Grupo, y destac\u00f3 la lucha conjunta por defender las disposiciones del derecho internacional y los principios y prop\u00f3sitos de la Carta de las Naciones Unidas, entre los que se destacan los principios de respeto a la soberan\u00eda, unidad, integridad, igualdad y la no injerencia en los asuntos internos de los estados.<\/p>\n<p style=\"text-align: justify;\">\u201cAprovechamos esta oportunidad para afirmar nuestro apoyo a la amiga Cuba en su enfrentamiento a todos los desaf\u00edos y nuestra condena al bloqueo inhumano e ilegal impuesto por Estados Unidos a la isla y a otros pa\u00edses que rechazan la pol\u00edtica de hegemon\u00eda, colonialismo y explotaci\u00f3n\u201d, manifest\u00f3 el Ministro.<\/p>\n<p style=\"text-align: justify;\"><span style=\"color: #000080;\"><strong>Yaghi: rechazamos la pol\u00edtica de monopolizar la ciencia y utilizarla como herramienta para chantajear a los pa\u00edses<\/strong><\/span><\/p>\n<p style=\"text-align: justify;\">Subray\u00f3 la importancia de la cooperaci\u00f3n Sur-Sur y que los pa\u00edses de este bloque compartan sus experiencias, conocimientos y producci\u00f3n cient\u00edfica, y brindar el mayor apoyo posible a otros pa\u00edses de acuerdo con sus prioridades nacionales relacionadas con la ciencia, innovaci\u00f3n y tecnolog\u00eda.<\/p>\n<p style=\"text-align: justify;\"><img loading=\"lazy\" decoding=\"async\" class=\"size-medium wp-image-308848 alignleft\" src=\"http:\/\/sana.sy\/es\/wp-content\/uploads\/2023\/09\/376288131_7047343588644408_6504144175687934046_n-300x179.jpg\" alt=\"\" width=\"300\" height=\"179\" srcset=\"https:\/\/archive.sana.sy\/es\/wp-content\/uploads\/2023\/09\/376288131_7047343588644408_6504144175687934046_n-300x179.jpg 300w, https:\/\/archive.sana.sy\/es\/wp-content\/uploads\/2023\/09\/376288131_7047343588644408_6504144175687934046_n-1024x611.jpg 1024w, https:\/\/archive.sana.sy\/es\/wp-content\/uploads\/2023\/09\/376288131_7047343588644408_6504144175687934046_n-150x89.jpg 150w, https:\/\/archive.sana.sy\/es\/wp-content\/uploads\/2023\/09\/376288131_7047343588644408_6504144175687934046_n-768x458.jpg 768w, https:\/\/archive.sana.sy\/es\/wp-content\/uploads\/2023\/09\/376288131_7047343588644408_6504144175687934046_n-1536x916.jpg 1536w, https:\/\/archive.sana.sy\/es\/wp-content\/uploads\/2023\/09\/376288131_7047343588644408_6504144175687934046_n.jpg 2048w\" sizes=\"(max-width: 300px) 100vw, 300px\" \/>\u201cInstamos a presionar de manera conjunta para obligar a los pa\u00edses desarrollados a cumplir sus promesas de transferir tecnolog\u00eda y construir capacidades de los pa\u00edses en desarrollo, y rechazamos la pol\u00edtica de monopolizar la ciencia como una herramienta para chantajear a estos pa\u00edses\u201d, afirm\u00f3.<\/p>\n<p style=\"text-align: justify;\">El Ministro de Finanzas explic\u00f3 que Siria busca hacer todos los esfuerzos posibles para mejorar la realidad de la ciencia, la innovaci\u00f3n y la tecnolog\u00eda a pesar de la guerra terrorista lanzada en su contra desde 2011 y el bloqueo ilegal e inmoral estadounidense-europeo, lo que ha afectado todos los aspectos de la vida y tuvo desastrosos impactos en la vida de los sirios.<\/p>\n<p style=\"text-align: justify;\"><span style=\"color: #000080;\"><strong>Yaghi: pedimos apoyar a Siria en su superaci\u00f3n de los efectos de la guerra y el asedio<\/strong><\/span><\/p>\n<p style=\"text-align: justify;\">Yaghi a\u00f1adi\u00f3 que Siria libr\u00f3 su guerra contra el terrorismo y el extremismo en nombre de la comunidad internacional para defender los valores de la ciencia y el conocimiento y preservar el car\u00e1cter civilizado de Siria y su pueblo.<\/p>\n<p style=\"text-align: justify;\">Pidi\u00f3 a los miembros del grupo que apoyen a Siria en su superaci\u00f3n y recuperaci\u00f3n de los efectos de la guerra, el asedio y las consecuencias del devastador terremoto que la azot\u00f3 hace unos meses.<\/p>\n<p style=\"text-align: justify;\">\u201cSiria reitera el apoyo y la solidaridad del Grupo con las causas leg\u00edtimas de los pueblos del mundo entero, la m\u00e1s importante de las cuales es la lucha de los pueblos que sufran de la ocupaci\u00f3n extranjera, en particular el pueblo palestino y la poblaci\u00f3n del Gol\u00e1n \u00e1rabe sirio ocupado\u201d, precis\u00f3.<\/p>\n<p style=\"text-align: justify;\"><img loading=\"lazy\" decoding=\"async\" class=\"size-medium wp-image-308849 alignleft\" src=\"http:\/\/sana.sy\/es\/wp-content\/uploads\/2023\/09\/378144845_7047343591977741_1062825568467847857_n-300x200.jpg\" alt=\"\" width=\"300\" height=\"200\" srcset=\"https:\/\/archive.sana.sy\/es\/wp-content\/uploads\/2023\/09\/378144845_7047343591977741_1062825568467847857_n-300x200.jpg 300w, https:\/\/archive.sana.sy\/es\/wp-content\/uploads\/2023\/09\/378144845_7047343591977741_1062825568467847857_n-1024x683.jpg 1024w, https:\/\/archive.sana.sy\/es\/wp-content\/uploads\/2023\/09\/378144845_7047343591977741_1062825568467847857_n-150x100.jpg 150w, https:\/\/archive.sana.sy\/es\/wp-content\/uploads\/2023\/09\/378144845_7047343591977741_1062825568467847857_n-768x512.jpg 768w, https:\/\/archive.sana.sy\/es\/wp-content\/uploads\/2023\/09\/378144845_7047343591977741_1062825568467847857_n-1536x1025.jpg 1536w, https:\/\/archive.sana.sy\/es\/wp-content\/uploads\/2023\/09\/378144845_7047343591977741_1062825568467847857_n.jpg 2048w\" sizes=\"(max-width: 300px) 100vw, 300px\" \/>El alto funcionario sirio exigi\u00f3 que se brinde a Siria el apoyo necesario para extender la autoridad del Estado a todo el territorio sirio, y el levantamiento inmediato, completo e incondicional de las medidas coercitivas unilaterales ilegales, el bloqueo estadounidense y las sanciones que los pueblos, en particular el pueblo cubano que lo viene sufriendo desde hace m\u00e1s de sesenta a\u00f1os.<\/p>\n<p style=\"text-align: justify;\">Expres\u00f3 el compromiso de Siria con el \u00e9xito de los trabajos de la cumbre, encabezada por Cuba, y llam\u00f3 a fortalecer y desarrollar la cooperaci\u00f3n con el objetivo de establecer un nuevo sistema econ\u00f3mico internacional m\u00e1s justo y mejorar la realidad econ\u00f3mica y social en los pa\u00edses del Grupo.<\/p>\n<p style=\"text-align: justify;\">fm<\/p>\n","protected":false},"excerpt":{"rendered":"<p>La Habana, 16 sep (SANA)\u00a0 El Gobierno sirio reiter\u00f3 hoy su demanda de levantar inmediata, completa e incondicionalmente las medidas coercitivas unilaterales ilegales, el bloqueo estadounidense y las sanciones impuestas a muchos pa\u00edses del mundo. Yaghi: La Cumbre que acoge Cuba es un hito en los esfuerzos conjuntos En su discurso ante la cumbre del &hellip;<\/p>\n","protected":false},"author":34,"featured_media":308850,"comment_status":"closed","ping_status":"closed","sticky":false,"template":"","format":"standard","meta":{"footnotes":""},"categories":[447,477,597,20724,476,467,583],"tags":[],"class_list":["post-308846","post","type-post","status-publish","format-standard","has-post-thumbnail","","category-local-politica","category-noticias-edulcorantes","category-cinta-de-noticias","category-minuto-a-minuto","category-locales","category-siria-y-el-mundo","category-slide"],"_links":{"self":[{"href":"https:\/\/archive.sana.sy\/es\/index.php?rest_route=\/wp\/v2\/posts\/308846"}],"collection":[{"href":"https:\/\/archive.sana.sy\/es\/index.php?rest_route=\/wp\/v2\/posts"}],"about":[{"href":"https:\/\/archive.sana.sy\/es\/index.php?rest_route=\/wp\/v2\/types\/post"}],"author":[{"embeddable":true,"href":"https:\/\/archive.sana.sy\/es\/index.php?rest_route=\/wp\/v2\/users\/34"}],"replies":[{"embeddable":true,"href":"https:\/\/archive.sana.sy\/es\/index.php?rest_route=%2Fwp%2Fv2%2Fcomments&post=308846"}],"version-history":[{"count":1,"href":"https:\/\/archive.sana.sy\/es\/index.php?rest_route=\/wp\/v2\/posts\/308846\/revisions"}],"predecessor-version":[{"id":308851,"href":"https:\/\/archive.sana.sy\/es\/index.php?rest_route=\/wp\/v2\/posts\/308846\/revisions\/308851"}],"wp:featuredmedia":[{"embeddable":true,"href":"https:\/\/archive.sana.sy\/es\/index.php?rest_route=\/wp\/v2\/media\/308850"}],"wp:attachment":[{"href":"https:\/\/archive.sana.sy\/es\/index.php?rest_route=%2Fwp%2Fv2%2Fmedia&parent=308846"}],"wp:term":[{"taxonomy":"category","embeddable":true,"href":"https:\/\/archive.sana.sy\/es\/index.php?rest_route=%2Fwp%2Fv2%2Fcategories&post=308846"},{"taxonomy":"post_tag","embeddable":true,"href":"https:\/\/archive.sana.sy\/es\/index.php?rest_route=%2Fwp%2Fv2%2Ftags&post=308846"}],"curies":[{"name":"wp","href":"https:\/\/api.w.org\/{rel}","templated":true}]}}