{"id":308856,"date":"2023-09-17T09:40:39","date_gmt":"2023-09-17T06:40:39","guid":{"rendered":"http:\/\/sana.sy\/es\/?p=308856"},"modified":"2023-09-17T09:41:05","modified_gmt":"2023-09-17T06:41:05","slug":"mali-niger-y-burkina-faso-firman-acuerdo-de-defensa-conjunta","status":"publish","type":"post","link":"https:\/\/archive.sana.sy\/es\/?p=308856","title":{"rendered":"Mal\u00ed, N\u00edger y Burkina Faso firman acuerdo de defensa conjunta"},"content":{"rendered":"<blockquote>\n<p style=\"text-align: justify;\"><span style=\"color: #800000;\">&#8220;Hoy firm\u00e9 con los jefes de Estado de Burkina Faso y N\u00edger la Carta \u201cLiptako-Gorma\u201d que crea la Alianza de los Estados del Sahel, cuyo objetivo es establecer una estructura para la defensa colectiva y la asistencia mutua en inter\u00e9s de nuestros pueblos&#8221;, public\u00f3 el presidente interino maliense, Assimi Goita, en su cuenta de la red social X (antes Twitter).<\/span><\/p>\n<\/blockquote>\n<p style=\"text-align: justify;\"><strong><span style=\"color: #800000;\">Bamako, 17 sep (SANA)<\/span>\u00a0<\/strong> \u00a0Los l\u00edderes de Mal\u00ed, Burkina Faso y N\u00edger firmaron el s\u00e1bado una carta que establece una alianza de defensa y asistencia mutua.<\/p>\n<p style=\"text-align: justify;\">&#8220;Hoy firm\u00e9 con los jefes de Estado de Burkina Faso y N\u00edger la Carta \u201cLiptako-Gorma\u201d que crea la Alianza de los Estados del Sahel, cuyo objetivo es establecer una estructura para la defensa colectiva y la asistencia mutua en inter\u00e9s de nuestros pueblos&#8221;, public\u00f3 el presidente interino maliense, Assimi Goita, en su cuenta de la red social X (antes Twitter).<\/p>\n<p style=\"text-align: justify;\">Por su parte, el ministro de Defensa maliense, Abdallah Diop, asever\u00f3 que esta alianza ser\u00e1 una combinaci\u00f3n de esfuerzos militares y econ\u00f3micos entre los tres pa\u00edses, cuya prioridad ser\u00e1 combatir el terrorismo en los tres pa\u00edses africanos.<\/p>\n<p style=\"text-align: justify;\">Liptako-Gourma\u201d es una zona com\u00fan donde se encuentran las fronteras de Mal\u00ed, Burkina Faso y N\u00edger.<\/p>\n<p style=\"text-align: justify;\"><strong>ws\/fm<\/strong><\/p>\n","protected":false},"excerpt":{"rendered":"<p>&#8220;Hoy firm\u00e9 con los jefes de Estado de Burkina Faso y N\u00edger la Carta \u201cLiptako-Gorma\u201d que crea la Alianza de los Estados del Sahel, cuyo objetivo es establecer una estructura para la defensa colectiva y la asistencia mutua en inter\u00e9s de nuestros pueblos&#8221;, public\u00f3 el presidente interino maliense, Assimi Goita, en su cuenta de la &hellip;<\/p>\n","protected":false},"author":35,"featured_media":308857,"comment_status":"closed","ping_status":"closed","sticky":false,"template":"","format":"standard","meta":{"footnotes":""},"categories":[597,456,16687,20724,7541],"tags":[],"class_list":["post-308856","post","type-post","status-publish","format-standard","has-post-thumbnail","","category-cinta-de-noticias","category-arabe-internacional-politica","category-internacionales","category-minuto-a-minuto","category-ultimas-noticias"],"_links":{"self":[{"href":"https:\/\/archive.sana.sy\/es\/index.php?rest_route=\/wp\/v2\/posts\/308856"}],"collection":[{"href":"https:\/\/archive.sana.sy\/es\/index.php?rest_route=\/wp\/v2\/posts"}],"about":[{"href":"https:\/\/archive.sana.sy\/es\/index.php?rest_route=\/wp\/v2\/types\/post"}],"author":[{"embeddable":true,"href":"https:\/\/archive.sana.sy\/es\/index.php?rest_route=\/wp\/v2\/users\/35"}],"replies":[{"embeddable":true,"href":"https:\/\/archive.sana.sy\/es\/index.php?rest_route=%2Fwp%2Fv2%2Fcomments&post=308856"}],"version-history":[{"count":2,"href":"https:\/\/archive.sana.sy\/es\/index.php?rest_route=\/wp\/v2\/posts\/308856\/revisions"}],"predecessor-version":[{"id":308859,"href":"https:\/\/archive.sana.sy\/es\/index.php?rest_route=\/wp\/v2\/posts\/308856\/revisions\/308859"}],"wp:featuredmedia":[{"embeddable":true,"href":"https:\/\/archive.sana.sy\/es\/index.php?rest_route=\/wp\/v2\/media\/308857"}],"wp:attachment":[{"href":"https:\/\/archive.sana.sy\/es\/index.php?rest_route=%2Fwp%2Fv2%2Fmedia&parent=308856"}],"wp:term":[{"taxonomy":"category","embeddable":true,"href":"https:\/\/archive.sana.sy\/es\/index.php?rest_route=%2Fwp%2Fv2%2Fcategories&post=308856"},{"taxonomy":"post_tag","embeddable":true,"href":"https:\/\/archive.sana.sy\/es\/index.php?rest_route=%2Fwp%2Fv2%2Ftags&post=308856"}],"curies":[{"name":"wp","href":"https:\/\/api.w.org\/{rel}","templated":true}]}}