{"id":308860,"date":"2023-09-17T09:47:04","date_gmt":"2023-09-17T06:47:04","guid":{"rendered":"http:\/\/sana.sy\/es\/?p=308860"},"modified":"2023-09-17T09:47:24","modified_gmt":"2023-09-17T06:47:24","slug":"rusia-proxima-reunion-del-consejo-de-seguridad-con-zelenski-sera-nula","status":"publish","type":"post","link":"https:\/\/archive.sana.sy\/es\/?p=308860","title":{"rendered":"Rusia: pr\u00f3xima reuni\u00f3n del Consejo de Seguridad con Zelenski ser\u00e1 nula"},"content":{"rendered":"<blockquote>\n<p style=\"text-align: justify;\"><span style=\"color: #800000;\">El representante permanente de Rusia ante las Naciones Unidas, Vasily Nebenzia, anunci\u00f3 que la pr\u00f3xima reuni\u00f3n del Consejo de Seguridad de la ONU sobre Ucrania se convertir\u00e1 en un circo con el nuevo espect\u00e1culo protagonizado por el presidente ucraniano, Volodimir Zelenski.<\/span><\/p>\n<\/blockquote>\n<p style=\"text-align: justify;\"><span style=\"color: #800000;\"><strong>Mosc\u00fa, 17 sep (SANA)<\/strong><\/span>\u00a0 El representante permanente de Rusia ante las Naciones Unidas, Vasily Nebenzia, anunci\u00f3 que la pr\u00f3xima reuni\u00f3n del Consejo de Seguridad de la ONU sobre Ucrania se convertir\u00e1 en un circo con el nuevo espect\u00e1culo protagonizado por el presidente ucraniano, Volodimir Zelenski.<\/p>\n<p style=\"text-align: justify;\">&#8220;Evaluamos de manera realista los resultados de esta reuni\u00f3n de alto nivel, as\u00ed como de otras iniciativas occidentales politizadas sobre la crisis ucraniana. Obviamente, ser\u00e1 cero si Zelenski participa en este encuentro\u201d, dijo el embajador ruso.<\/p>\n<p style=\"text-align: justify;\">El diplom\u00e1tico lament\u00f3 que la plataforma de este organismo sea utilizada para promover a Zelenski que sol\u00eda aprovechar situaciones y aparecer como un comediante.<\/p>\n<p style=\"text-align: justify;\">El 20 de septiembre, se celebrar\u00e1 una reuni\u00f3n de alto nivel del Consejo de Seguridad de la ONU sobre la crisis ucraniana, pero hasta el momento las partes ucraniana y estadounidense no han confirmado su participaci\u00f3n.<\/p>\n<p style=\"text-align: justify;\"><strong>ws\/fm<\/strong><\/p>\n","protected":false},"excerpt":{"rendered":"<p>El representante permanente de Rusia ante las Naciones Unidas, Vasily Nebenzia, anunci\u00f3 que la pr\u00f3xima reuni\u00f3n del Consejo de Seguridad de la ONU sobre Ucrania se convertir\u00e1 en un circo con el nuevo espect\u00e1culo protagonizado por el presidente ucraniano, Volodimir Zelenski. Mosc\u00fa, 17 sep (SANA)\u00a0 El representante permanente de Rusia ante las Naciones Unidas, Vasily &hellip;<\/p>\n","protected":false},"author":35,"featured_media":308861,"comment_status":"closed","ping_status":"closed","sticky":false,"template":"","format":"standard","meta":{"footnotes":""},"categories":[597,456,16687,20724,7541],"tags":[],"class_list":["post-308860","post","type-post","status-publish","format-standard","has-post-thumbnail","","category-cinta-de-noticias","category-arabe-internacional-politica","category-internacionales","category-minuto-a-minuto","category-ultimas-noticias"],"_links":{"self":[{"href":"https:\/\/archive.sana.sy\/es\/index.php?rest_route=\/wp\/v2\/posts\/308860"}],"collection":[{"href":"https:\/\/archive.sana.sy\/es\/index.php?rest_route=\/wp\/v2\/posts"}],"about":[{"href":"https:\/\/archive.sana.sy\/es\/index.php?rest_route=\/wp\/v2\/types\/post"}],"author":[{"embeddable":true,"href":"https:\/\/archive.sana.sy\/es\/index.php?rest_route=\/wp\/v2\/users\/35"}],"replies":[{"embeddable":true,"href":"https:\/\/archive.sana.sy\/es\/index.php?rest_route=%2Fwp%2Fv2%2Fcomments&post=308860"}],"version-history":[{"count":2,"href":"https:\/\/archive.sana.sy\/es\/index.php?rest_route=\/wp\/v2\/posts\/308860\/revisions"}],"predecessor-version":[{"id":308863,"href":"https:\/\/archive.sana.sy\/es\/index.php?rest_route=\/wp\/v2\/posts\/308860\/revisions\/308863"}],"wp:featuredmedia":[{"embeddable":true,"href":"https:\/\/archive.sana.sy\/es\/index.php?rest_route=\/wp\/v2\/media\/308861"}],"wp:attachment":[{"href":"https:\/\/archive.sana.sy\/es\/index.php?rest_route=%2Fwp%2Fv2%2Fmedia&parent=308860"}],"wp:term":[{"taxonomy":"category","embeddable":true,"href":"https:\/\/archive.sana.sy\/es\/index.php?rest_route=%2Fwp%2Fv2%2Fcategories&post=308860"},{"taxonomy":"post_tag","embeddable":true,"href":"https:\/\/archive.sana.sy\/es\/index.php?rest_route=%2Fwp%2Fv2%2Ftags&post=308860"}],"curies":[{"name":"wp","href":"https:\/\/api.w.org\/{rel}","templated":true}]}}