{"id":30889,"date":"2015-10-01T13:42:23","date_gmt":"2015-10-01T10:42:23","guid":{"rendered":"http:\/\/sana.sy\/es\/?p=30889"},"modified":"2015-10-01T13:42:23","modified_gmt":"2015-10-01T10:42:23","slug":"narishkin-fracaso-el-llamado-de-obama-para-aislar-a-rusia","status":"publish","type":"post","link":"https:\/\/archive.sana.sy\/es\/?p=30889","title":{"rendered":"Narishkin: fracas\u00f3 el llamado de Obama para aislar a Rusia"},"content":{"rendered":"<p><span style=\"color: #800000\">Mosc\u00fa, SANA<\/span><\/p>\n<p>El Presidente del Consejo de Duma ruso, Sergei Narishkin, subray\u00f3 que los ataques a\u00e9reos rusos contra la organizaci\u00f3n terrorista del Estado Isl\u00e1mico en Siria son leg\u00edtimos y van en el marco del Derecho Internacional.<\/p>\n<p>La agencia de noticias rusa TASS cit\u00f3 a Narishkin diciendo que &#8220;Rusia lanz\u00f3 la operaci\u00f3n militar en la Rep\u00fablica \u00c1rabe Siria para luchar contra los grupos terroristas y las bandas de lo que llaman &#8220;Estado Isl\u00e1mico&#8221;, en pleno cumplimiento con el derecho internacional y en respuesta a la petici\u00f3n de las autoridades leg\u00edtimas en Siria.&#8221;<\/p>\n<p>El canciller ruso Sergei Lavrov hab\u00eda confirmado que los aviones de guerra rusos s\u00f3lo atacan a posiciones de la organizaci\u00f3n terrorista del EI.<br \/>\n<span style=\"color: #00ccff\">Fady M. Hala B,<\/span><\/p>\n","protected":false},"excerpt":{"rendered":"<p>Mosc\u00fa, SANA El Presidente del Consejo de Duma ruso, Sergei Narishkin, subray\u00f3 que los ataques a\u00e9reos rusos contra la organizaci\u00f3n terrorista del Estado Isl\u00e1mico en Siria son leg\u00edtimos y van en el marco del Derecho Internacional. La agencia de noticias rusa TASS cit\u00f3 a Narishkin diciendo que &#8220;Rusia lanz\u00f3 la operaci\u00f3n militar en la Rep\u00fablica &hellip;<\/p>\n","protected":false},"author":1,"featured_media":30890,"comment_status":"closed","ping_status":"closed","sticky":false,"template":"","format":"standard","meta":{"footnotes":""},"categories":[456,457],"tags":[6856],"class_list":["post-30889","post","type-post","status-publish","format-standard","has-post-thumbnail","","category-arabe-internacional-politica","category-noticias-arabe-internacional-politica","tag-narishkin-fracaso-el-llamado-de-obama-para-aislar-a-rusia"],"_links":{"self":[{"href":"https:\/\/archive.sana.sy\/es\/index.php?rest_route=\/wp\/v2\/posts\/30889"}],"collection":[{"href":"https:\/\/archive.sana.sy\/es\/index.php?rest_route=\/wp\/v2\/posts"}],"about":[{"href":"https:\/\/archive.sana.sy\/es\/index.php?rest_route=\/wp\/v2\/types\/post"}],"author":[{"embeddable":true,"href":"https:\/\/archive.sana.sy\/es\/index.php?rest_route=\/wp\/v2\/users\/1"}],"replies":[{"embeddable":true,"href":"https:\/\/archive.sana.sy\/es\/index.php?rest_route=%2Fwp%2Fv2%2Fcomments&post=30889"}],"version-history":[{"count":0,"href":"https:\/\/archive.sana.sy\/es\/index.php?rest_route=\/wp\/v2\/posts\/30889\/revisions"}],"wp:featuredmedia":[{"embeddable":true,"href":"https:\/\/archive.sana.sy\/es\/index.php?rest_route=\/wp\/v2\/media\/30890"}],"wp:attachment":[{"href":"https:\/\/archive.sana.sy\/es\/index.php?rest_route=%2Fwp%2Fv2%2Fmedia&parent=30889"}],"wp:term":[{"taxonomy":"category","embeddable":true,"href":"https:\/\/archive.sana.sy\/es\/index.php?rest_route=%2Fwp%2Fv2%2Fcategories&post=30889"},{"taxonomy":"post_tag","embeddable":true,"href":"https:\/\/archive.sana.sy\/es\/index.php?rest_route=%2Fwp%2Fv2%2Ftags&post=30889"}],"curies":[{"name":"wp","href":"https:\/\/api.w.org\/{rel}","templated":true}]}}