{"id":308901,"date":"2023-09-17T15:52:12","date_gmt":"2023-09-17T12:52:12","guid":{"rendered":"http:\/\/sana.sy\/es\/?p=308901"},"modified":"2023-09-17T15:55:23","modified_gmt":"2023-09-17T12:55:23","slug":"tropas-de-kiev-sufren-bajas-y-perdidas-materiales-en-nueva-jornada-de-combates-con-las-fuerzas-rusas","status":"publish","type":"post","link":"https:\/\/archive.sana.sy\/es\/?p=308901","title":{"rendered":"Tropas de Kiev sufren bajas y p\u00e9rdidas materiales en nueva jornada de combates con las fuerzas rusas"},"content":{"rendered":"<blockquote>\n<p style=\"text-align: justify;\"><span style=\"color: #993300;\">\u00a0En la ciudad de J\u00e1rkov, un ataque con misiles alcanz\u00f3 las instalaciones de producci\u00f3n de la Planta de Veh\u00edculo Blindados, donde se lleva a cabo la reparaci\u00f3n y restauraci\u00f3n de blindados de las Fuerzas Armadas de Ucrania.<\/span><\/p>\n<\/blockquote>\n<p style=\"text-align: justify;\"><span style=\"color: #800000;\"><strong>Mosc\u00fa, 17 sep (SANA)\u00a0<\/strong> <\/span>\u00a0En su resumen diario sobre el avance de la operaci\u00f3n militar especial, el Ministerio de Defensa de Rusia inform\u00f3 que unidades del grupo de tropas &#8220;Sur&#8221; eliminaron en la direcci\u00f3n a Donetsk a 180 militares ucranianos y destruyeron dos blindados de combate, dos veh\u00edculos b\u00e9licos, una unidad de artiller\u00eda autopropulsada &#8220;Panzerhaubitze 2000&#8221; fabricada en Alemania, as\u00ed como un lanzacohetes.<\/p>\n<p style=\"text-align: justify;\"><a href=\"http:\/\/sana.sy\/es\/wp-content\/uploads\/2023\/09\/photo_2023-09-17_15-45-43.jpg\"><img loading=\"lazy\" decoding=\"async\" class=\" wp-image-308902 alignleft\" src=\"http:\/\/sana.sy\/es\/wp-content\/uploads\/2023\/09\/photo_2023-09-17_15-45-43-300x167.jpg\" alt=\"\" width=\"341\" height=\"190\" srcset=\"https:\/\/archive.sana.sy\/es\/wp-content\/uploads\/2023\/09\/photo_2023-09-17_15-45-43-300x167.jpg 300w, https:\/\/archive.sana.sy\/es\/wp-content\/uploads\/2023\/09\/photo_2023-09-17_15-45-43-150x84.jpg 150w, https:\/\/archive.sana.sy\/es\/wp-content\/uploads\/2023\/09\/photo_2023-09-17_15-45-43.jpg 730w\" sizes=\"(max-width: 341px) 100vw, 341px\" \/><\/a>En la direcci\u00f3n de Zaporozhie, durante los combates, las p\u00e9rdidas del enemigo ascendieron a 140 militares, un veh\u00edculo de combate de infanter\u00eda Bradley de fabricaci\u00f3n estadounidense y cuatro veh\u00edculos b\u00e9licos.<\/p>\n<p style=\"text-align: justify;\">Adem\u00e1s, durante el combate de contrabater\u00eda fue alcanzado un sistema de artiller\u00eda M777 y un ob\u00fas M119 de fabricaci\u00f3n estadounidense, as\u00ed como un ca\u00f1\u00f3n D-30.<\/p>\n<p style=\"text-align: justify;\">En la zona del asentamiento de Novodanilovka, en la regi\u00f3n de Zaporozhie, fue destruido un almac\u00e9n de municiones de la 47\u00aa brigada mecanizada de las Fuerzas Armadas de Ucrania.<\/p>\n<p style=\"text-align: justify;\">En el eje de Krasnolimansky, las unidades del grupo de fuerzas &#8220;Centro&#8221; neutralizaron a 65 militares ucranianos e inutilizaron a dos veh\u00edculos blindados de combate y dos camionetas.<\/p>\n<p style=\"text-align: justify;\">Mientras en la direcci\u00f3n del Sur de Donetsk, los militares rusos repelieron tres ataques y eliminaron al menos a 170 militares ucranianos y destruyeron dos veh\u00edculos blindados de combate, cinco veh\u00edculos y una estaci\u00f3n de guerra electr\u00f3nica.<\/p>\n<p style=\"text-align: justify;\">En la direcci\u00f3n de Kupyansk, los ataques a\u00e9reos y el fuego de artiller\u00eda del grupo de tropas &#8220;occidental&#8221; neutralizaron a 50 militares ucranianos y destruyeron a cuatro veh\u00edculos.<a href=\"http:\/\/sana.sy\/es\/wp-content\/uploads\/2023\/09\/photo_2023-09-17_15-45-44.jpg\"><img loading=\"lazy\" decoding=\"async\" class=\" wp-image-308903 alignright\" src=\"http:\/\/sana.sy\/es\/wp-content\/uploads\/2023\/09\/photo_2023-09-17_15-45-44-300x167.jpg\" alt=\"\" width=\"329\" height=\"183\" srcset=\"https:\/\/archive.sana.sy\/es\/wp-content\/uploads\/2023\/09\/photo_2023-09-17_15-45-44-300x167.jpg 300w, https:\/\/archive.sana.sy\/es\/wp-content\/uploads\/2023\/09\/photo_2023-09-17_15-45-44-150x83.jpg 150w, https:\/\/archive.sana.sy\/es\/wp-content\/uploads\/2023\/09\/photo_2023-09-17_15-45-44-768x427.jpg 768w, https:\/\/archive.sana.sy\/es\/wp-content\/uploads\/2023\/09\/photo_2023-09-17_15-45-44.jpg 956w\" sizes=\"(max-width: 329px) 100vw, 329px\" \/><\/a><\/p>\n<p style=\"text-align: justify;\">En este mismo frente, dos obuses autopropulsados Paladin M109 de fabricaci\u00f3n estadounidense, una pieza de artiller\u00eda autopropulsada Krab de fabricaci\u00f3n polaca y un sistema de artiller\u00eda M777 de fabricaci\u00f3n estadounidense fueron alcanzados.<\/p>\n<p style=\"text-align: justify;\">Adem\u00e1s, en las zonas de los asentamientos de Peschanoe y Petropavlovka, en la regi\u00f3n de J\u00e1rkov, fueron destruidas dos estaciones de radar de contrabater\u00eda de fabricaci\u00f3n estadounidense AN\/TPQ-50.<\/p>\n<p style=\"text-align: justify;\">En Jers\u00f3n, hasta 20 militares ucranianos fueron neutralizados mientras fue destruido un blindado de combate, dos autom\u00f3viles y un centro de control de veh\u00edculos a\u00e9reos no tripulados.<\/p>\n<p style=\"text-align: justify;\">En la ciudad de J\u00e1rkov, un ataque con misiles alcanz\u00f3 las instalaciones de producci\u00f3n de la Planta de Veh\u00edculo Blindados, donde se lleva a cabo la reparaci\u00f3n y restauraci\u00f3n de blindados de las Fuerzas Armadas de Ucrania.<\/p>\n<p style=\"text-align: justify;\">La defensa a\u00e9rea intercept\u00f3 dos bombas a\u00e9reas guiadas JDAM, un misil antirradar HARM y un cohetes Himars de fabricaci\u00f3n estadounidense.<\/p>\n<p style=\"text-align: justify;\">Adem\u00e1s, 28 veh\u00edculos a\u00e9reos no tripulados ucranianos fueron derribados o neutralizados mediante medios de guerra electr\u00f3nica.<\/p>\n<p>fm\/ed<\/p>\n","protected":false},"excerpt":{"rendered":"<p>\u00a0En la ciudad de J\u00e1rkov, un ataque con misiles alcanz\u00f3 las instalaciones de producci\u00f3n de la Planta de Veh\u00edculo Blindados, donde se lleva a cabo la reparaci\u00f3n y restauraci\u00f3n de blindados de las Fuerzas Armadas de Ucrania. Mosc\u00fa, 17 sep (SANA)\u00a0 \u00a0En su resumen diario sobre el avance de la operaci\u00f3n militar especial, el Ministerio &hellip;<\/p>\n","protected":false},"author":32,"featured_media":308906,"comment_status":"closed","ping_status":"closed","sticky":false,"template":"","format":"standard","meta":{"footnotes":""},"categories":[597,456,16687,20724,583],"tags":[],"class_list":["post-308901","post","type-post","status-publish","format-standard","has-post-thumbnail","","category-cinta-de-noticias","category-arabe-internacional-politica","category-internacionales","category-minuto-a-minuto","category-slide"],"_links":{"self":[{"href":"https:\/\/archive.sana.sy\/es\/index.php?rest_route=\/wp\/v2\/posts\/308901"}],"collection":[{"href":"https:\/\/archive.sana.sy\/es\/index.php?rest_route=\/wp\/v2\/posts"}],"about":[{"href":"https:\/\/archive.sana.sy\/es\/index.php?rest_route=\/wp\/v2\/types\/post"}],"author":[{"embeddable":true,"href":"https:\/\/archive.sana.sy\/es\/index.php?rest_route=\/wp\/v2\/users\/32"}],"replies":[{"embeddable":true,"href":"https:\/\/archive.sana.sy\/es\/index.php?rest_route=%2Fwp%2Fv2%2Fcomments&post=308901"}],"version-history":[{"count":2,"href":"https:\/\/archive.sana.sy\/es\/index.php?rest_route=\/wp\/v2\/posts\/308901\/revisions"}],"predecessor-version":[{"id":308907,"href":"https:\/\/archive.sana.sy\/es\/index.php?rest_route=\/wp\/v2\/posts\/308901\/revisions\/308907"}],"wp:featuredmedia":[{"embeddable":true,"href":"https:\/\/archive.sana.sy\/es\/index.php?rest_route=\/wp\/v2\/media\/308906"}],"wp:attachment":[{"href":"https:\/\/archive.sana.sy\/es\/index.php?rest_route=%2Fwp%2Fv2%2Fmedia&parent=308901"}],"wp:term":[{"taxonomy":"category","embeddable":true,"href":"https:\/\/archive.sana.sy\/es\/index.php?rest_route=%2Fwp%2Fv2%2Fcategories&post=308901"},{"taxonomy":"post_tag","embeddable":true,"href":"https:\/\/archive.sana.sy\/es\/index.php?rest_route=%2Fwp%2Fv2%2Ftags&post=308901"}],"curies":[{"name":"wp","href":"https:\/\/api.w.org\/{rel}","templated":true}]}}