{"id":30898,"date":"2015-10-01T14:31:27","date_gmt":"2015-10-01T11:31:27","guid":{"rendered":"http:\/\/sana.sy\/es\/?p=30898"},"modified":"2015-10-01T14:31:27","modified_gmt":"2015-10-01T11:31:27","slug":"iran-acoge-bien-los-ataques-aereos-rusos-contra-el-ei-en-siria","status":"publish","type":"post","link":"https:\/\/archive.sana.sy\/es\/?p=30898","title":{"rendered":"Ir\u00e1n acoge bien los ataques a\u00e9reos rusos contra el EI en Siria"},"content":{"rendered":"<p><span style=\"color: #800000\">Teher\u00e1n, SANA<\/span><\/p>\n<p>El ministerio de Exteriores iran\u00ed acogi\u00f3 bien los ataques a\u00e9reos rusos contra las organizaciones terroristas en Siria, calificando a dichos como un paso en la lucha contra el terrorismo.<\/p>\n<p>El ministerio de Exteriores iran\u00ed acogi\u00f3 bien los ataques a\u00e9reos rusos contra las organizaciones terroristas en Siria, calificando a dichos como un paso en la lucha contra el terrorismo.<\/p>\n<p>La portavoz de la canciller\u00eda iran\u00ed, Mardiya Afkham, declar\u00f3 que &#8220;la lucha contra el terrorismo que es una amenaza com\u00fan a la paz y la seguridad en la regi\u00f3n y en el mundo, es una necesidad urgente.&#8221;<\/p>\n<p>Agreg\u00f3 que Ir\u00e1n apoya las operaciones militares de Rusia contra las organizaciones terroristas en Siria, y las considera como un paso en el marco de la lucha contra el terrorismo y en el contexto de la soluci\u00f3n de la crisis actual que surge de terrorismo&#8221;.<\/p>\n<p><span style=\"color: #00ccff\">Fady M., Hala B.<\/span><\/p>\n","protected":false},"excerpt":{"rendered":"<p>Teher\u00e1n, SANA El ministerio de Exteriores iran\u00ed acogi\u00f3 bien los ataques a\u00e9reos rusos contra las organizaciones terroristas en Siria, calificando a dichos como un paso en la lucha contra el terrorismo. El ministerio de Exteriores iran\u00ed acogi\u00f3 bien los ataques a\u00e9reos rusos contra las organizaciones terroristas en Siria, calificando a dichos como un paso en &hellip;<\/p>\n","protected":false},"author":1,"featured_media":30899,"comment_status":"closed","ping_status":"closed","sticky":false,"template":"","format":"standard","meta":{"footnotes":""},"categories":[456,457,576],"tags":[6859],"class_list":["post-30898","post","type-post","status-publish","format-standard","has-post-thumbnail","","category-arabe-internacional-politica","category-noticias-arabe-internacional-politica","category-noticias-politicas","tag-iran-acoge-bien-los-ataques-aereos-rusos-contra-el-ei-en-siria"],"_links":{"self":[{"href":"https:\/\/archive.sana.sy\/es\/index.php?rest_route=\/wp\/v2\/posts\/30898"}],"collection":[{"href":"https:\/\/archive.sana.sy\/es\/index.php?rest_route=\/wp\/v2\/posts"}],"about":[{"href":"https:\/\/archive.sana.sy\/es\/index.php?rest_route=\/wp\/v2\/types\/post"}],"author":[{"embeddable":true,"href":"https:\/\/archive.sana.sy\/es\/index.php?rest_route=\/wp\/v2\/users\/1"}],"replies":[{"embeddable":true,"href":"https:\/\/archive.sana.sy\/es\/index.php?rest_route=%2Fwp%2Fv2%2Fcomments&post=30898"}],"version-history":[{"count":0,"href":"https:\/\/archive.sana.sy\/es\/index.php?rest_route=\/wp\/v2\/posts\/30898\/revisions"}],"wp:featuredmedia":[{"embeddable":true,"href":"https:\/\/archive.sana.sy\/es\/index.php?rest_route=\/wp\/v2\/media\/30899"}],"wp:attachment":[{"href":"https:\/\/archive.sana.sy\/es\/index.php?rest_route=%2Fwp%2Fv2%2Fmedia&parent=30898"}],"wp:term":[{"taxonomy":"category","embeddable":true,"href":"https:\/\/archive.sana.sy\/es\/index.php?rest_route=%2Fwp%2Fv2%2Fcategories&post=30898"},{"taxonomy":"post_tag","embeddable":true,"href":"https:\/\/archive.sana.sy\/es\/index.php?rest_route=%2Fwp%2Fv2%2Ftags&post=30898"}],"curies":[{"name":"wp","href":"https:\/\/api.w.org\/{rel}","templated":true}]}}