{"id":308997,"date":"2023-09-19T15:19:07","date_gmt":"2023-09-19T12:19:07","guid":{"rendered":"http:\/\/sana.sy\/es\/?p=308997"},"modified":"2023-09-19T17:01:30","modified_gmt":"2023-09-19T14:01:30","slug":"siria-y-cuba-ratifican-solidas-relaciones-y-repasan-vias-para-elevar-nivel-de-cooperacion","status":"publish","type":"post","link":"https:\/\/archive.sana.sy\/es\/?p=308997","title":{"rendered":"Siria y Cuba ratifican s\u00f3lidas relaciones y repasan v\u00edas para elevar nivel de cooperaci\u00f3n"},"content":{"rendered":"<p style=\"text-align: justify\"><span style=\"color: #800000\"><strong>La Habana, 19 sep (SANA)\u00a0<\/strong> <\/span>El viceprimer ministro cubano, Ricardo Cabrisas, recibi\u00f3 hoy al ministro sirio de Finanzas, Kenan Yaghi, y al jefe del \u00f3rgano de Planificaci\u00f3n y Cooperaci\u00f3n Internacional, Fadi Salti Al-Khalil.<\/p>\n<p style=\"text-align: justify\">Durante la reuni\u00f3n, las dos partes repasaron las v\u00edas y formas para mejorar la cooperaci\u00f3n entre los dos pa\u00edses en diversos campos como la pol\u00edtica, econom\u00eda, comercio, cultura, ciencia y agricultura.<\/p>\n<p style=\"text-align: justify\"><img loading=\"lazy\" decoding=\"async\" class=\"size-medium wp-image-308999 alignleft\" src=\"http:\/\/sana.sy\/es\/wp-content\/uploads\/2023\/09\/Siria-Cuba-ratifican-solidas-relaciones1.-jpeg-300x225.jpg\" alt=\"El viceprimer ministro cubano, Ricardo Cabrisas, recibi\u00f3 hoy al ministro sirio de Finanzas, Kenan Yaghi\" width=\"300\" height=\"225\" srcset=\"https:\/\/archive.sana.sy\/es\/wp-content\/uploads\/2023\/09\/Siria-Cuba-ratifican-solidas-relaciones1.-jpeg-300x225.jpg 300w, https:\/\/archive.sana.sy\/es\/wp-content\/uploads\/2023\/09\/Siria-Cuba-ratifican-solidas-relaciones1.-jpeg-150x113.jpg 150w, https:\/\/archive.sana.sy\/es\/wp-content\/uploads\/2023\/09\/Siria-Cuba-ratifican-solidas-relaciones1.-jpeg-768x576.jpg 768w, https:\/\/archive.sana.sy\/es\/wp-content\/uploads\/2023\/09\/Siria-Cuba-ratifican-solidas-relaciones1.-jpeg.jpg 960w\" sizes=\"(max-width: 300px) 100vw, 300px\" \/>Las dos partes subrayaron la importancia de aprovechar las relaciones hist\u00f3ricas entre los dos pa\u00edses para elevar el nivel de colaboraci\u00f3n en todos los campos.<\/p>\n<p style=\"text-align: justify\">La delegaci\u00f3n siria sostuvo reuniones tambi\u00e9n con varios ministros de la mayor de las Antillas, entre ellos los ministro de Defensa, de Industria y de Telecomunicaciones, y los viceministros de Industria y de Asuntos Exteriores.<\/p>\n<p style=\"text-align: justify\">Durante estos encuentros, se subray\u00f3 la fortaleza de las relaciones sirio-cubanas y se ratific\u00f3 el apoyo mutuo y la plena disposici\u00f3n de ambas partes de seguir trabajando en el fortalecimiento de la cooperaci\u00f3n bilateral y dar seguimiento a los acuerdos bilaterales.<\/p>\n<p style=\"text-align: justify\">Asisti\u00f3 a las reuniones el embajador de Siria en La Habana, Ghassan Obaid.<\/p>\n<p style=\"text-align: justify\">fm<\/p>\n","protected":false},"excerpt":{"rendered":"<p>La Habana, 19 sep (SANA)\u00a0 El viceprimer ministro cubano, Ricardo Cabrisas, recibi\u00f3 hoy al ministro sirio de Finanzas, Kenan Yaghi, y al jefe del \u00f3rgano de Planificaci\u00f3n y Cooperaci\u00f3n Internacional, Fadi Salti Al-Khalil. Durante la reuni\u00f3n, las dos partes repasaron las v\u00edas y formas para mejorar la cooperaci\u00f3n entre los dos pa\u00edses en diversos campos &hellip;<\/p>\n","protected":false},"author":34,"featured_media":308998,"comment_status":"closed","ping_status":"closed","sticky":false,"template":"","format":"standard","meta":{"footnotes":""},"categories":[477,447,597,20724,467,7541],"tags":[6868,6553],"class_list":["post-308997","post","type-post","status-publish","format-standard","has-post-thumbnail","","category-noticias-edulcorantes","category-local-politica","category-cinta-de-noticias","category-minuto-a-minuto","category-siria-y-el-mundo","category-ultimas-noticias","tag-cuba","tag-siria"],"_links":{"self":[{"href":"https:\/\/archive.sana.sy\/es\/index.php?rest_route=\/wp\/v2\/posts\/308997"}],"collection":[{"href":"https:\/\/archive.sana.sy\/es\/index.php?rest_route=\/wp\/v2\/posts"}],"about":[{"href":"https:\/\/archive.sana.sy\/es\/index.php?rest_route=\/wp\/v2\/types\/post"}],"author":[{"embeddable":true,"href":"https:\/\/archive.sana.sy\/es\/index.php?rest_route=\/wp\/v2\/users\/34"}],"replies":[{"embeddable":true,"href":"https:\/\/archive.sana.sy\/es\/index.php?rest_route=%2Fwp%2Fv2%2Fcomments&post=308997"}],"version-history":[{"count":2,"href":"https:\/\/archive.sana.sy\/es\/index.php?rest_route=\/wp\/v2\/posts\/308997\/revisions"}],"predecessor-version":[{"id":309042,"href":"https:\/\/archive.sana.sy\/es\/index.php?rest_route=\/wp\/v2\/posts\/308997\/revisions\/309042"}],"wp:featuredmedia":[{"embeddable":true,"href":"https:\/\/archive.sana.sy\/es\/index.php?rest_route=\/wp\/v2\/media\/308998"}],"wp:attachment":[{"href":"https:\/\/archive.sana.sy\/es\/index.php?rest_route=%2Fwp%2Fv2%2Fmedia&parent=308997"}],"wp:term":[{"taxonomy":"category","embeddable":true,"href":"https:\/\/archive.sana.sy\/es\/index.php?rest_route=%2Fwp%2Fv2%2Fcategories&post=308997"},{"taxonomy":"post_tag","embeddable":true,"href":"https:\/\/archive.sana.sy\/es\/index.php?rest_route=%2Fwp%2Fv2%2Ftags&post=308997"}],"curies":[{"name":"wp","href":"https:\/\/api.w.org\/{rel}","templated":true}]}}