{"id":30901,"date":"2015-10-01T14:52:15","date_gmt":"2015-10-01T11:52:15","guid":{"rendered":"http:\/\/sana.sy\/es\/?p=30901"},"modified":"2015-10-01T14:52:15","modified_gmt":"2015-10-01T11:52:15","slug":"mueren-dos-oficiales-turcos-en-ataque-armado-en-el-sudeste-de-turquia","status":"publish","type":"post","link":"https:\/\/archive.sana.sy\/es\/?p=30901","title":{"rendered":"Mueren dos oficiales turcos en ataque armado en el sudeste de Turqu\u00eda"},"content":{"rendered":"<p><span style=\"color: #800000\">Ankara, SANA<\/span><\/p>\n<p>Dos oficiales turcos murieron este jueves en un ataque armado mientras se dirig\u00edan a su trabajo en la ciudad de Silvan en la provincia de Diyarbakir en el sudeste de Turqu\u00eda.<\/p>\n<p>El peri\u00f3dico turco &#8220;Hurriyet&#8221; inform\u00f3 que hombres armados y enmascarados abrieron fuego contra los oficiales turcos despu\u00e9s de su salida de sus casas, causando su inmediata muerte.<\/p>\n<p>El peri\u00f3dico agreg\u00f3 que las fuerzas de seguridad turcas han empezado operaciones de peinado en la ciudad de Silvan en busca de los armados<\/p>\n<p><span style=\"color: #00ccff\">Fady M., Hala B.<\/span><\/p>\n","protected":false},"excerpt":{"rendered":"<p>Ankara, SANA Dos oficiales turcos murieron este jueves en un ataque armado mientras se dirig\u00edan a su trabajo en la ciudad de Silvan en la provincia de Diyarbakir en el sudeste de Turqu\u00eda. El peri\u00f3dico turco &#8220;Hurriyet&#8221; inform\u00f3 que hombres armados y enmascarados abrieron fuego contra los oficiales turcos despu\u00e9s de su salida de sus &hellip;<\/p>\n","protected":false},"author":1,"featured_media":30902,"comment_status":"closed","ping_status":"closed","sticky":false,"template":"","format":"standard","meta":{"footnotes":""},"categories":[456,457,576],"tags":[6860],"class_list":["post-30901","post","type-post","status-publish","format-standard","has-post-thumbnail","","category-arabe-internacional-politica","category-noticias-arabe-internacional-politica","category-noticias-politicas","tag-mueren-dos-oficiales-turcos-en-ataque-armado-en-el-sudeste-de-turquia"],"_links":{"self":[{"href":"https:\/\/archive.sana.sy\/es\/index.php?rest_route=\/wp\/v2\/posts\/30901"}],"collection":[{"href":"https:\/\/archive.sana.sy\/es\/index.php?rest_route=\/wp\/v2\/posts"}],"about":[{"href":"https:\/\/archive.sana.sy\/es\/index.php?rest_route=\/wp\/v2\/types\/post"}],"author":[{"embeddable":true,"href":"https:\/\/archive.sana.sy\/es\/index.php?rest_route=\/wp\/v2\/users\/1"}],"replies":[{"embeddable":true,"href":"https:\/\/archive.sana.sy\/es\/index.php?rest_route=%2Fwp%2Fv2%2Fcomments&post=30901"}],"version-history":[{"count":0,"href":"https:\/\/archive.sana.sy\/es\/index.php?rest_route=\/wp\/v2\/posts\/30901\/revisions"}],"wp:featuredmedia":[{"embeddable":true,"href":"https:\/\/archive.sana.sy\/es\/index.php?rest_route=\/wp\/v2\/media\/30902"}],"wp:attachment":[{"href":"https:\/\/archive.sana.sy\/es\/index.php?rest_route=%2Fwp%2Fv2%2Fmedia&parent=30901"}],"wp:term":[{"taxonomy":"category","embeddable":true,"href":"https:\/\/archive.sana.sy\/es\/index.php?rest_route=%2Fwp%2Fv2%2Fcategories&post=30901"},{"taxonomy":"post_tag","embeddable":true,"href":"https:\/\/archive.sana.sy\/es\/index.php?rest_route=%2Fwp%2Fv2%2Ftags&post=30901"}],"curies":[{"name":"wp","href":"https:\/\/api.w.org\/{rel}","templated":true}]}}