{"id":309020,"date":"2023-09-20T21:30:43","date_gmt":"2023-09-20T18:30:43","guid":{"rendered":"http:\/\/sana.sy\/es\/?p=309020"},"modified":"2023-09-21T10:58:34","modified_gmt":"2023-09-21T07:58:34","slug":"presidnete-sirio-realiza-visita-oficial-a-china","status":"publish","type":"post","link":"https:\/\/archive.sana.sy\/es\/?p=309020","title":{"rendered":"Presidente sirio realiza visita oficial a China"},"content":{"rendered":"<p style=\"text-align: justify;\"><span style=\"color: #800000;\"><strong>Damasco, 20 sep (SANA)<\/strong> <\/span>El presidente Bashar Al-Assad, realizar\u00e1 este jueves 21 de septiembre del 2023, una visita oficial a la Rep\u00fablica Popular de China, por invitaci\u00f3n de su hom\u00f3logo chino Xi Jinping.<\/p>\n<p style=\"text-align: justify;\">Acompa\u00f1a al mandatario su esposa Asmaa Al-Assad y una delegaci\u00f3n pol\u00edtica y econ\u00f3mica.<\/p>\n<p style=\"text-align: justify;\">Los dos gobernantes sostendr\u00e1n una cumbre, mientras Al-Assad y la primera Dama asistir\u00e1n a varias actividades en las ciudades de Hangzhou y Pek\u00edn.<\/p>\n<p style=\"text-align: justify;\">Siria y China firmaron en enero del 2022 un acuerdo que estipula la incorporaci\u00f3n de esta naci\u00f3n levantina a la iniciativa de la Franja Econ\u00f3mica de la Ruta de la Seda y la Ruta Mar\u00edtima de la Seda en el siglo XXI.<\/p>\n<p style=\"text-align: justify;\">Mientras en noviembre del 2021, los presidentes de China y Siria ratificaron durante una conversaci\u00f3n telef\u00f3nica la voluntad de impulsar la cooperaci\u00f3n y mantener el apoyo mutuo a sus causas nacionales y en los foros internacionales.<img loading=\"lazy\" decoding=\"async\" class=\"size-medium wp-image-309021 alignright\" src=\"http:\/\/sana.sy\/es\/wp-content\/uploads\/2023\/09\/photo_2023-09-19_14-33-10-300x188.jpg\" alt=\"\" width=\"300\" height=\"188\" srcset=\"https:\/\/archive.sana.sy\/es\/wp-content\/uploads\/2023\/09\/photo_2023-09-19_14-33-10-300x188.jpg 300w, https:\/\/archive.sana.sy\/es\/wp-content\/uploads\/2023\/09\/photo_2023-09-19_14-33-10-1024x642.jpg 1024w, https:\/\/archive.sana.sy\/es\/wp-content\/uploads\/2023\/09\/photo_2023-09-19_14-33-10-150x94.jpg 150w, https:\/\/archive.sana.sy\/es\/wp-content\/uploads\/2023\/09\/photo_2023-09-19_14-33-10-768x482.jpg 768w, https:\/\/archive.sana.sy\/es\/wp-content\/uploads\/2023\/09\/photo_2023-09-19_14-33-10.jpg 1100w\" sizes=\"(max-width: 300px) 100vw, 300px\" \/><\/p>\n<p style=\"text-align: justify;\">China utiliz\u00f3 su derecho al veto en el Consejo de Seguridad en dos ocasiones en 2012 y 2017 contra proyectos de resoluci\u00f3n presentado por Washington y sus aliados contra Siria.<\/p>\n<p style=\"text-align: justify;\">Mientras el ministro de Asuntos Exteriores chino, Wang Yi, visit\u00f3 a Damasco en agosto del 2021 y se convirti\u00f3 en el primer funcionario extranjero que felicita al presidente Bashar Al-Assad por su reelecci\u00f3n.<\/p>\n<p style=\"text-align: justify;\">fm\/as<\/p>\n","protected":false},"excerpt":{"rendered":"<p>Damasco, 20 sep (SANA) El presidente Bashar Al-Assad, realizar\u00e1 este jueves 21 de septiembre del 2023, una visita oficial a la Rep\u00fablica Popular de China, por invitaci\u00f3n de su hom\u00f3logo chino Xi Jinping. Acompa\u00f1a al mandatario su esposa Asmaa Al-Assad y una delegaci\u00f3n pol\u00edtica y econ\u00f3mica. Los dos gobernantes sostendr\u00e1n una cumbre, mientras Al-Assad y &hellip;<\/p>\n","protected":false},"author":42,"featured_media":309022,"comment_status":"closed","ping_status":"closed","sticky":false,"template":"","format":"standard","meta":{"footnotes":""},"categories":[597,20724,16237,7541],"tags":[],"class_list":["post-309020","post","type-post","status-publish","format-standard","has-post-thumbnail","","category-cinta-de-noticias","category-minuto-a-minuto","category-presidence-de-la-republique-arabe-syria","category-ultimas-noticias"],"_links":{"self":[{"href":"https:\/\/archive.sana.sy\/es\/index.php?rest_route=\/wp\/v2\/posts\/309020"}],"collection":[{"href":"https:\/\/archive.sana.sy\/es\/index.php?rest_route=\/wp\/v2\/posts"}],"about":[{"href":"https:\/\/archive.sana.sy\/es\/index.php?rest_route=\/wp\/v2\/types\/post"}],"author":[{"embeddable":true,"href":"https:\/\/archive.sana.sy\/es\/index.php?rest_route=\/wp\/v2\/users\/42"}],"replies":[{"embeddable":true,"href":"https:\/\/archive.sana.sy\/es\/index.php?rest_route=%2Fwp%2Fv2%2Fcomments&post=309020"}],"version-history":[{"count":3,"href":"https:\/\/archive.sana.sy\/es\/index.php?rest_route=\/wp\/v2\/posts\/309020\/revisions"}],"predecessor-version":[{"id":309192,"href":"https:\/\/archive.sana.sy\/es\/index.php?rest_route=\/wp\/v2\/posts\/309020\/revisions\/309192"}],"wp:featuredmedia":[{"embeddable":true,"href":"https:\/\/archive.sana.sy\/es\/index.php?rest_route=\/wp\/v2\/media\/309022"}],"wp:attachment":[{"href":"https:\/\/archive.sana.sy\/es\/index.php?rest_route=%2Fwp%2Fv2%2Fmedia&parent=309020"}],"wp:term":[{"taxonomy":"category","embeddable":true,"href":"https:\/\/archive.sana.sy\/es\/index.php?rest_route=%2Fwp%2Fv2%2Fcategories&post=309020"},{"taxonomy":"post_tag","embeddable":true,"href":"https:\/\/archive.sana.sy\/es\/index.php?rest_route=%2Fwp%2Fv2%2Ftags&post=309020"}],"curies":[{"name":"wp","href":"https:\/\/api.w.org\/{rel}","templated":true}]}}