{"id":309024,"date":"2023-09-19T14:58:56","date_gmt":"2023-09-19T11:58:56","guid":{"rendered":"http:\/\/sana.sy\/es\/?p=309024"},"modified":"2023-09-19T16:24:26","modified_gmt":"2023-09-19T13:24:26","slug":"nizar-qabbani-el-gran-poeta-sirio-que-reflejo-su-amor-por-damasco","status":"publish","type":"post","link":"https:\/\/archive.sana.sy\/es\/?p=309024","title":{"rendered":"Nizar Qabbani, el gran poeta sirio amante de la capital del jazm\u00edn"},"content":{"rendered":"<p style=\"text-align: justify;\"><strong><span style=\"color: #800000;\">Damasco, 30 abr (SANA) <\/span>\u00a0<\/strong>Ninguna figura siria o \u00e1rabe atrajo la atenci\u00f3n por su producci\u00f3n literaria como el gran poeta sirio Nizar Qabbani.<\/p>\n<p style=\"text-align: justify;\">El reconocido profesor de Lengua \u00c1rabe, Saeed Al-Afghani, opin\u00f3 sobre este poesta sirio diciendo que \u00absi un papelito con versos de Nizar Qabbani cayera en un autob\u00fas, lo agarrar\u00eda el primer pasajero para llevarlo a su casa\u00bb, porque su poes\u00eda era tan peculiar que ning\u00fan poeta \u00e1rabe pudo igualarlo.<\/p>\n<p style=\"text-align: justify;\">Su suavidad y fluidez lo colocaron en la \u00e9lite de poetas cuyas obras fueron recitadas e interpretadas por los cantantes \u00e1rabes, incluso 77 de sus poemas fueron cantadas.<\/p>\n<p style=\"text-align: justify;\">La biograf\u00eda del poeta Qabbani fue narrada por \u00e9l mismo con su rico y cautivador lenguaje en su libro \u00abMi historia con la poes\u00eda\u00bb en el que dice: \u00abel d\u00eda de mi nacimiento, el 21 de marzo de 1923 en una antigua casa de Damasco, la primavera brotabade flores\u00bb.<\/p>\n<p style=\"text-align: justify;\"><img loading=\"lazy\" decoding=\"async\" class=\"wp-image-188628 alignleft tie-appear\" src=\"http:\/\/107.6.182.27\/es\/wp-content\/uploads\/2021\/07\/photo_2021-07-12_20-57-44-3-274x300.jpg\" sizes=\"(max-width: 326px) 100vw, 326px\" srcset=\"http:\/\/www.sana.sy\/es\/wp-content\/uploads\/2021\/07\/photo_2021-07-12_20-57-44-3-274x300.jpg 274w, http:\/\/www.sana.sy\/es\/wp-content\/uploads\/2021\/07\/photo_2021-07-12_20-57-44-3-137x150.jpg 137w, http:\/\/www.sana.sy\/es\/wp-content\/uploads\/2021\/07\/photo_2021-07-12_20-57-44-3.jpg 660w\" alt=\"\" width=\"326\" height=\"356\" \/><\/p>\n<p style=\"text-align: justify;\">Nizar estudi\u00f3 en el Colegio Cient\u00edfico Nacional hasta el bachillerato, y all\u00ed ley\u00f3 poes\u00eda \u00e1rabe y francesa y fue influenciado por su maestro el gran poeta Khalil Mardam Bek, autor del Himno Nacional de Siria.<\/p>\n<p style=\"text-align: justify;\">En la Universidad de Damasco, complet\u00f3 sus estudios en la Facultad de Derecho y se gradu\u00f3 en 1945, pero no ejerci\u00f3 la abogac\u00eda.<\/p>\n<p style=\"text-align: justify;\">\u00abMe dijo la morena\u00bb fue el primer poemario de Nizar y se public\u00f3 en 1944; esta obra recibi\u00f3 muchas cr\u00edticas, pero esto no lo disuadi\u00f3 de navegar contra la corriente.<\/p>\n<p style=\"text-align: justify;\">Nizar trabaj\u00f3 en el cuerpo diplom\u00e1tico desde 1945 y fue nombrado asesor en la Embajada siria en El Cairo en 1945; durante su estancia en esta naci\u00f3n del Nilo hizo amistades con grandes escritores y artistas, y all\u00ed public\u00f3 su segundo libro de poemas \u00abInfancia de un seno\u00bb en 1948.<\/p>\n<p style=\"text-align: justify;\">Durante su carrera diplom\u00e1tica, Nizar recorri\u00f3 las capitales del mundo de Asia, \u00c1frica y Europa.<\/p>\n<p style=\"text-align: justify;\">\u00abCon cada paso que iba dando, mi coraz\u00f3n crec\u00eda, mis ojos se expand\u00edan, mi esp\u00edritu se llenaba y el beduino que llevaba adentro se iba enterneciendo, sanando y modernizando\u00bb, dijo Nizar sobre sus continuos viajes diplom\u00e1ticos que tuvieron un impacto en el desarrollo de su talento intelectual y po\u00e9tico.<\/p>\n<p style=\"text-align: justify;\"><img loading=\"lazy\" decoding=\"async\" class=\"wp-image-188629 alignleft tie-appear\" src=\"http:\/\/107.6.182.27\/es\/wp-content\/uploads\/2021\/07\/photo_2021-07-12_20-57-44-2-290x300.jpg\" sizes=\"(max-width: 322px) 100vw, 322px\" srcset=\"http:\/\/www.sana.sy\/es\/wp-content\/uploads\/2021\/07\/photo_2021-07-12_20-57-44-2-290x300.jpg 290w, http:\/\/www.sana.sy\/es\/wp-content\/uploads\/2021\/07\/photo_2021-07-12_20-57-44-2-145x150.jpg 145w, http:\/\/www.sana.sy\/es\/wp-content\/uploads\/2021\/07\/photo_2021-07-12_20-57-44-2.jpg 660w\" alt=\"\" width=\"322\" height=\"334\" \/><\/p>\n<p style=\"text-align: justify;\">Nizar opt\u00f3 por dedicarse a la poes\u00eda y dej\u00f3 de trabajar en la diplomacia en 1966, y m\u00e1s tarde fund\u00f3 una editorial con su nombre en Beirut y comenz\u00f3 a publicar sus colecciones de poes\u00eda.<\/p>\n<p style=\"text-align: justify;\">Este poeta public\u00f3 36 colecciones, adem\u00e1s de 12 libros en prosa, que algunos cr\u00edticos ponen a la altura de sus poemas, en particular su libro \u00abPalabras que no conocen la ira\u00bb.<\/p>\n<p style=\"text-align: justify;\">Nizar vivi\u00f3 los \u00faltimos a\u00f1os de su vida en la ciudad de Londres, pero sigui\u00f3 visitando Damasco y permaneci\u00f3 organizando all\u00ed veladas literarias y escribiendo poemas para Damasco, que era el amor de su vida.<\/p>\n<p style=\"text-align: justify;\">\u00abDamasco me concede un honor\u00bb; as\u00ed dijo Nizar cuando el l\u00edder fundador Hafez al-Assad decret\u00f3 nombrar una calle de la capital siria con su nombre.<\/p>\n<p style=\"text-align: justify;\">Antes de su partida f\u00edsica, Nizar escribi\u00f3 su poema \u00abLos claudicados\u00bb, en el que criticaba la normalizaci\u00f3n con el enemigo israel\u00ed, y tambi\u00e9n escribi\u00f3 \u00abCu\u00e1ndo declaran la muerte de los \u00e1rabes\u00bb, donde critica amargamente la realidad \u00e1rabe.<\/p>\n<p style=\"text-align: justify;\">El 30 de abril de 1998, el coraz\u00f3n de Nizar dej\u00f3 de latir; en su testamento pidi\u00f3 ser enterrado en Damasco porque, como \u00e9l dijo, \u00abDamasco es la cuna que me ense\u00f1\u00f3 la poes\u00eda, la creatividad y el alfabeto del jazm\u00edn\u00bb.<\/p>\n<p style=\"text-align: justify;\">Nadie ha le\u00eddo mi taza<br \/>\nSin que sepa que eres mi amada<br \/>\nNadie ha estudiado las rayas de mi mano<br \/>\nSin que descubra las cuatro letras de tu nombre<br \/>\nTodo se puede negar<br \/>\nSalvo el olor de la mujer amada<br \/>\nTodo se puede disimular<br \/>\nSalvo los pasos de la mujer que se mueve dentro de nosotros<br \/>\nTodo se puede discutir<br \/>\nSalvo tu feminidad<\/p>\n<p style=\"text-align: justify;\"><img loading=\"lazy\" decoding=\"async\" class=\"alignnone wp-image-231366 size-full tie-appear\" src=\"http:\/\/107.6.182.27\/es\/wp-content\/uploads\/2021\/07\/photo_2021-07-12_20-57-45-660x330-2.jpg\" sizes=\"(max-width: 660px) 100vw, 660px\" srcset=\"http:\/\/www.sana.sy\/es\/wp-content\/uploads\/2021\/07\/photo_2021-07-12_20-57-45-660x330-2.jpg 660w, http:\/\/www.sana.sy\/es\/wp-content\/uploads\/2021\/07\/photo_2021-07-12_20-57-45-660x330-2-300x150.jpg 300w, http:\/\/www.sana.sy\/es\/wp-content\/uploads\/2021\/07\/photo_2021-07-12_20-57-45-660x330-2-150x75.jpg 150w\" alt=\"\" width=\"660\" height=\"330\" \/><\/p>\n<p style=\"text-align: justify;\"><strong>Equipo de redacci\u00f3n en espa\u00f1ol de la agencia SANA<\/strong><\/p>\n<div class=\"addtoany_share_save_container addtoany_content addtoany_content_bottom\">\n<div class=\"a2a_kit a2a_kit_size_32 addtoany_list\" style=\"text-align: justify;\" data-a2a-url=\"http:\/\/www.sana.sy\/es\/?p=188626\" data-a2a-title=\"\u00bfQui\u00e9n es el gran poeta Nizar Qabbani que Siria conmenora hoy el aniversario 24 de su partida f\u00edsica?\"><\/div>\n<\/div>\n","protected":false},"excerpt":{"rendered":"<p>Damasco, 30 abr (SANA) \u00a0Ninguna figura siria o \u00e1rabe atrajo la atenci\u00f3n por su producci\u00f3n literaria como el gran poeta sirio Nizar Qabbani. El reconocido profesor de Lengua \u00c1rabe, Saeed Al-Afghani, opin\u00f3 sobre este poesta sirio diciendo que \u00absi un papelito con versos de Nizar Qabbani cayera en un autob\u00fas, lo agarrar\u00eda el primer pasajero &hellip;<\/p>\n","protected":false},"author":42,"featured_media":309031,"comment_status":"closed","ping_status":"closed","sticky":false,"template":"","format":"standard","meta":{"footnotes":""},"categories":[477,447,597,510,20724,476,583,18781],"tags":[],"class_list":["post-309024","post","type-post","status-publish","format-standard","has-post-thumbnail","","category-noticias-edulcorantes","category-local-politica","category-cinta-de-noticias","category-arte-y-cultura","category-minuto-a-minuto","category-locales","category-slide","category-vistazos-sobre-siria"],"_links":{"self":[{"href":"https:\/\/archive.sana.sy\/es\/index.php?rest_route=\/wp\/v2\/posts\/309024"}],"collection":[{"href":"https:\/\/archive.sana.sy\/es\/index.php?rest_route=\/wp\/v2\/posts"}],"about":[{"href":"https:\/\/archive.sana.sy\/es\/index.php?rest_route=\/wp\/v2\/types\/post"}],"author":[{"embeddable":true,"href":"https:\/\/archive.sana.sy\/es\/index.php?rest_route=\/wp\/v2\/users\/42"}],"replies":[{"embeddable":true,"href":"https:\/\/archive.sana.sy\/es\/index.php?rest_route=%2Fwp%2Fv2%2Fcomments&post=309024"}],"version-history":[{"count":4,"href":"https:\/\/archive.sana.sy\/es\/index.php?rest_route=\/wp\/v2\/posts\/309024\/revisions"}],"predecessor-version":[{"id":309030,"href":"https:\/\/archive.sana.sy\/es\/index.php?rest_route=\/wp\/v2\/posts\/309024\/revisions\/309030"}],"wp:featuredmedia":[{"embeddable":true,"href":"https:\/\/archive.sana.sy\/es\/index.php?rest_route=\/wp\/v2\/media\/309031"}],"wp:attachment":[{"href":"https:\/\/archive.sana.sy\/es\/index.php?rest_route=%2Fwp%2Fv2%2Fmedia&parent=309024"}],"wp:term":[{"taxonomy":"category","embeddable":true,"href":"https:\/\/archive.sana.sy\/es\/index.php?rest_route=%2Fwp%2Fv2%2Fcategories&post=309024"},{"taxonomy":"post_tag","embeddable":true,"href":"https:\/\/archive.sana.sy\/es\/index.php?rest_route=%2Fwp%2Fv2%2Ftags&post=309024"}],"curies":[{"name":"wp","href":"https:\/\/api.w.org\/{rel}","templated":true}]}}