{"id":309041,"date":"2023-09-19T17:01:45","date_gmt":"2023-09-19T14:01:45","guid":{"rendered":"http:\/\/sana.sy\/es\/?p=309041"},"modified":"2023-09-19T17:01:45","modified_gmt":"2023-09-19T14:01:45","slug":"vuelve-la-calma-a-la-frontera-entre-armenia-y-azerbaiyan-tras-intensos-bombardeos-en-nagorno-karabaj","status":"publish","type":"post","link":"https:\/\/archive.sana.sy\/es\/?p=309041","title":{"rendered":"Vuelve la calma a la frontera entre Armenia y Azerbaiy\u00e1n tras intensos bombardeos en Nagorno Karabaj"},"content":{"rendered":"<p style=\"text-align: justify;\"><span style=\"color: #800000;\">Erev\u00e1n, 19 sep (SANA)<\/span> El Ministerio de Defensa de Armenia anunci\u00f3 que la calma ha vuelto a reinar en la frontera con Azerbaiy\u00e1n despu\u00e9s de que Bak\u00fa lanzara una operaci\u00f3n militar en la regi\u00f3n de Nagorno-Karabaj.<\/p>\n<p style=\"text-align: justify;\">El ministerio afirm\u00f3 que \u201cla situaci\u00f3n en la frontera con Azerbaiy\u00e1n se ha vuelto relativamente tranquila\u201d.<\/p>\n<p style=\"text-align: justify;\">A su vez, el Ministerio de Asuntos Exteriores de Armenia anunci\u00f3 que Azerbaiy\u00e1n lanz\u00f3 \u201cuna agresi\u00f3n a gran escala contra los residentes de Nagorno-Karabaj\u201d y tach\u00f3 el incidente como \u201cuna acci\u00f3n para completar la pol\u00edtica de limpieza \u00e9tnica\u201d.<\/p>\n<p style=\"text-align: justify;\">Se\u00f1al\u00f3 que \u201cAzerbaiy\u00e1n, guiado por un sentimiento de impunidad, declar\u00f3 p\u00fablicamente su responsabilidad por la agresi\u00f3n\u201d.<\/p>\n<p style=\"text-align: justify;\">Asimismo, Rusia llam\u00f3 a Armenia y Azerbaiy\u00e1n a poner fin a las hostilidades y volver a la diplomacia<\/p>\n<p style=\"text-align: justify;\">Mosc\u00fa est\u00e1 preocupada por la fuerte escalada de la situaci\u00f3n, declar\u00f3 la portavoz del Ministerio de Asuntos Exteriores ruso, Mar\u00eda Zaj\u00e1rova.<\/p>\n<p style=\"text-align: justify;\">Agreg\u00f3 que las fuerzas de paz rusas est\u00e1n en contacto con los representantes de la comunidad armenia de Karabaj y las autoridades de Azerbaiy\u00e1n sobre el cese del fuego.<\/p>\n<p style=\"text-align: justify;\">fm\/as<\/p>\n","protected":false},"excerpt":{"rendered":"<p>Erev\u00e1n, 19 sep (SANA) El Ministerio de Defensa de Armenia anunci\u00f3 que la calma ha vuelto a reinar en la frontera con Azerbaiy\u00e1n despu\u00e9s de que Bak\u00fa lanzara una operaci\u00f3n militar en la regi\u00f3n de Nagorno-Karabaj. El ministerio afirm\u00f3 que \u201cla situaci\u00f3n en la frontera con Azerbaiy\u00e1n se ha vuelto relativamente tranquila\u201d. A su vez, &hellip;<\/p>\n","protected":false},"author":42,"featured_media":309043,"comment_status":"closed","ping_status":"closed","sticky":false,"template":"","format":"standard","meta":{"footnotes":""},"categories":[597,456,16687,20724,7541],"tags":[],"class_list":["post-309041","post","type-post","status-publish","format-standard","has-post-thumbnail","","category-cinta-de-noticias","category-arabe-internacional-politica","category-internacionales","category-minuto-a-minuto","category-ultimas-noticias"],"_links":{"self":[{"href":"https:\/\/archive.sana.sy\/es\/index.php?rest_route=\/wp\/v2\/posts\/309041"}],"collection":[{"href":"https:\/\/archive.sana.sy\/es\/index.php?rest_route=\/wp\/v2\/posts"}],"about":[{"href":"https:\/\/archive.sana.sy\/es\/index.php?rest_route=\/wp\/v2\/types\/post"}],"author":[{"embeddable":true,"href":"https:\/\/archive.sana.sy\/es\/index.php?rest_route=\/wp\/v2\/users\/42"}],"replies":[{"embeddable":true,"href":"https:\/\/archive.sana.sy\/es\/index.php?rest_route=%2Fwp%2Fv2%2Fcomments&post=309041"}],"version-history":[{"count":1,"href":"https:\/\/archive.sana.sy\/es\/index.php?rest_route=\/wp\/v2\/posts\/309041\/revisions"}],"predecessor-version":[{"id":309044,"href":"https:\/\/archive.sana.sy\/es\/index.php?rest_route=\/wp\/v2\/posts\/309041\/revisions\/309044"}],"wp:featuredmedia":[{"embeddable":true,"href":"https:\/\/archive.sana.sy\/es\/index.php?rest_route=\/wp\/v2\/media\/309043"}],"wp:attachment":[{"href":"https:\/\/archive.sana.sy\/es\/index.php?rest_route=%2Fwp%2Fv2%2Fmedia&parent=309041"}],"wp:term":[{"taxonomy":"category","embeddable":true,"href":"https:\/\/archive.sana.sy\/es\/index.php?rest_route=%2Fwp%2Fv2%2Fcategories&post=309041"},{"taxonomy":"post_tag","embeddable":true,"href":"https:\/\/archive.sana.sy\/es\/index.php?rest_route=%2Fwp%2Fv2%2Ftags&post=309041"}],"curies":[{"name":"wp","href":"https:\/\/api.w.org\/{rel}","templated":true}]}}