{"id":309045,"date":"2023-09-19T18:07:28","date_gmt":"2023-09-19T15:07:28","guid":{"rendered":"https:\/\/sana.sy\/es\/?p=309045"},"modified":"2023-09-19T18:08:00","modified_gmt":"2023-09-19T15:08:00","slug":"conversaciones-sirio-iraquies-sobre-la-cooperacion-bilateral-en-materia-de-delitos-penales","status":"publish","type":"post","link":"https:\/\/archive.sana.sy\/es\/?p=309045","title":{"rendered":"Conversaciones sirio-iraqu\u00edes sobre la cooperaci\u00f3n en materia de delitos penales"},"content":{"rendered":"<p style=\"text-align: justify\"><span style=\"color: #800000\"><strong>Damasco, 19 sep (SANA)<\/strong><\/span> El general de Divisi\u00f3n Hussein Jumaa, Director del Departamento de Seguridad Criminal se reuni\u00f3 este martes con el general de Divisi\u00f3n Ali Manati, Director de la Polic\u00eda \u00c1rabe e Internacional y Jefe de la Oficina de Interpol en Bagdad.<\/p>\n<p style=\"text-align: justify\">Las conversaciones giraron en torno a la cooperaci\u00f3n continua y la coordinaci\u00f3n conjunta en materia de delitos penales, y el intercambio de informaci\u00f3n entre Siria e Irak en esta materia.<\/p>\n<p style=\"text-align: justify\">Seg\u00fan un comunicado emitido hoy por el Ministerio del Interior en su cuenta Facebook, las dos partes subrayaron la necesidad de establecer una cooperaci\u00f3n \u00f3ptima y fortalecer las relaciones bilaterales a trav\u00e9s de la organizaci\u00f3n internacional INTERPOL.<\/p>\n<p style=\"text-align: justify\">la<\/p>\n","protected":false},"excerpt":{"rendered":"<p>Damasco, 19 sep (SANA) El general de Divisi\u00f3n Hussein Jumaa, Director del Departamento de Seguridad Criminal se reuni\u00f3 este martes con el general de Divisi\u00f3n Ali Manati, Director de la Polic\u00eda \u00c1rabe e Internacional y Jefe de la Oficina de Interpol en Bagdad. Las conversaciones giraron en torno a la cooperaci\u00f3n continua y la coordinaci\u00f3n &hellip;<\/p>\n","protected":false},"author":24,"featured_media":309046,"comment_status":"closed","ping_status":"closed","sticky":false,"template":"","format":"standard","meta":{"footnotes":""},"categories":[447,597,20724,476,448,467,7541],"tags":[22376,5835,6553],"class_list":["post-309045","post","type-post","status-publish","format-standard","has-post-thumbnail","","category-local-politica","category-cinta-de-noticias","category-minuto-a-minuto","category-locales","category-noticias","category-siria-y-el-mundo","category-ultimas-noticias","tag-delitos-penales","tag-iraq","tag-siria"],"_links":{"self":[{"href":"https:\/\/archive.sana.sy\/es\/index.php?rest_route=\/wp\/v2\/posts\/309045"}],"collection":[{"href":"https:\/\/archive.sana.sy\/es\/index.php?rest_route=\/wp\/v2\/posts"}],"about":[{"href":"https:\/\/archive.sana.sy\/es\/index.php?rest_route=\/wp\/v2\/types\/post"}],"author":[{"embeddable":true,"href":"https:\/\/archive.sana.sy\/es\/index.php?rest_route=\/wp\/v2\/users\/24"}],"replies":[{"embeddable":true,"href":"https:\/\/archive.sana.sy\/es\/index.php?rest_route=%2Fwp%2Fv2%2Fcomments&post=309045"}],"version-history":[{"count":3,"href":"https:\/\/archive.sana.sy\/es\/index.php?rest_route=\/wp\/v2\/posts\/309045\/revisions"}],"predecessor-version":[{"id":309049,"href":"https:\/\/archive.sana.sy\/es\/index.php?rest_route=\/wp\/v2\/posts\/309045\/revisions\/309049"}],"wp:featuredmedia":[{"embeddable":true,"href":"https:\/\/archive.sana.sy\/es\/index.php?rest_route=\/wp\/v2\/media\/309046"}],"wp:attachment":[{"href":"https:\/\/archive.sana.sy\/es\/index.php?rest_route=%2Fwp%2Fv2%2Fmedia&parent=309045"}],"wp:term":[{"taxonomy":"category","embeddable":true,"href":"https:\/\/archive.sana.sy\/es\/index.php?rest_route=%2Fwp%2Fv2%2Fcategories&post=309045"},{"taxonomy":"post_tag","embeddable":true,"href":"https:\/\/archive.sana.sy\/es\/index.php?rest_route=%2Fwp%2Fv2%2Ftags&post=309045"}],"curies":[{"name":"wp","href":"https:\/\/api.w.org\/{rel}","templated":true}]}}