{"id":309050,"date":"2023-09-19T18:54:44","date_gmt":"2023-09-19T15:54:44","guid":{"rendered":"https:\/\/sana.sy\/es\/?p=309050"},"modified":"2023-09-19T18:59:43","modified_gmt":"2023-09-19T15:59:43","slug":"fuerzas-ocupantes-arrestan-a-12-palestinos-entre-ellos-un-menor-de-edad-en-cisjordania","status":"publish","type":"post","link":"https:\/\/archive.sana.sy\/es\/?p=309050","title":{"rendered":"Fuerzas ocupantes arrestan a 12 palestinos en Cisjordania, entre ellos un menor de edad"},"content":{"rendered":"<p style=\"text-align: justify\"><span style=\"color: #800000\"><strong>Jerusal\u00e9n ocupada, 19 sep (SANA)<\/strong><\/span> Las fuerzas ocupantes israel\u00edes arrestaron a cuatro palestinos en Cisjordania, entre ellos un ni\u00f1o.<\/p>\n<p style=\"text-align: justify\">Seg\u00fan la agencia palestina Wafa, las fuerzas israel\u00edes irrumpieron en varios barrios de Jerusal\u00e9n (al-Quds), la localidad de Issawiya y el suburbio de al-Salam en el noreste, donde detuvieron a un menor de edad de 13 a\u00f1os. Asimismo arrestaron a tres j\u00f3venes en dos puestos de control al norte de Ramallah y al sur de Tulkarm.<\/p>\n<p style=\"text-align: justify\">Adem\u00e1s, allanaron varias aldeas y localidades de al-Hashimiya, al-Arqa, Tura, Nazlet Zeid y Al-Yamoun en Jenin, al tiempo que intensificaron su presencia militar en las cercan\u00edas de la ciudad de Jerusal\u00e9n.<\/p>\n<p style=\"text-align: justify\">Cabe recordar que esta ma\u00f1ana, ocho palestinos en Cisjordania fueron llevados de manera injusta a las prisiones israel\u00edes.<\/p>\n<p style=\"text-align: justify\">la<\/p>\n","protected":false},"excerpt":{"rendered":"<p>Jerusal\u00e9n ocupada, 19 sep (SANA) Las fuerzas ocupantes israel\u00edes arrestaron a cuatro palestinos en Cisjordania, entre ellos un ni\u00f1o. Seg\u00fan la agencia palestina Wafa, las fuerzas israel\u00edes irrumpieron en varios barrios de Jerusal\u00e9n (al-Quds), la localidad de Issawiya y el suburbio de al-Salam en el noreste, donde detuvieron a un menor de edad de 13 &hellip;<\/p>\n","protected":false},"author":24,"featured_media":309051,"comment_status":"closed","ping_status":"closed","sticky":false,"template":"","format":"standard","meta":{"footnotes":""},"categories":[597,456,16687,20724,7541],"tags":[9074,11155,22377],"class_list":["post-309050","post","type-post","status-publish","format-standard","has-post-thumbnail","","category-cinta-de-noticias","category-arabe-internacional-politica","category-internacionales","category-minuto-a-minuto","category-ultimas-noticias","tag-cisjordania","tag-jerusalen","tag-palestinos-arrestados"],"_links":{"self":[{"href":"https:\/\/archive.sana.sy\/es\/index.php?rest_route=\/wp\/v2\/posts\/309050"}],"collection":[{"href":"https:\/\/archive.sana.sy\/es\/index.php?rest_route=\/wp\/v2\/posts"}],"about":[{"href":"https:\/\/archive.sana.sy\/es\/index.php?rest_route=\/wp\/v2\/types\/post"}],"author":[{"embeddable":true,"href":"https:\/\/archive.sana.sy\/es\/index.php?rest_route=\/wp\/v2\/users\/24"}],"replies":[{"embeddable":true,"href":"https:\/\/archive.sana.sy\/es\/index.php?rest_route=%2Fwp%2Fv2%2Fcomments&post=309050"}],"version-history":[{"count":3,"href":"https:\/\/archive.sana.sy\/es\/index.php?rest_route=\/wp\/v2\/posts\/309050\/revisions"}],"predecessor-version":[{"id":309054,"href":"https:\/\/archive.sana.sy\/es\/index.php?rest_route=\/wp\/v2\/posts\/309050\/revisions\/309054"}],"wp:featuredmedia":[{"embeddable":true,"href":"https:\/\/archive.sana.sy\/es\/index.php?rest_route=\/wp\/v2\/media\/309051"}],"wp:attachment":[{"href":"https:\/\/archive.sana.sy\/es\/index.php?rest_route=%2Fwp%2Fv2%2Fmedia&parent=309050"}],"wp:term":[{"taxonomy":"category","embeddable":true,"href":"https:\/\/archive.sana.sy\/es\/index.php?rest_route=%2Fwp%2Fv2%2Fcategories&post=309050"},{"taxonomy":"post_tag","embeddable":true,"href":"https:\/\/archive.sana.sy\/es\/index.php?rest_route=%2Fwp%2Fv2%2Ftags&post=309050"}],"curies":[{"name":"wp","href":"https:\/\/api.w.org\/{rel}","templated":true}]}}